{"id":33706,"date":"2019-09-11T15:52:04","date_gmt":"2019-09-11T13:52:04","guid":{"rendered":"https:\/\/www.everysize.com\/mag\/?p=33706"},"modified":"2019-11-25T17:06:31","modified_gmt":"2019-11-25T16:06:31","slug":"adidas-oktoberfest-wiesn-sneaker","status":"publish","type":"post","link":"https:\/\/www.everysize.com\/mag\/news\/adidas-oktoberfest-wiesn-sneaker\/","title":{"rendered":"adidas mit Sondermodellen zum Oktoberfest"},"content":{"rendered":"<p>In wenigen Tagen beginnt in M\u00fcnchen wie jedes Jahr das Oktoberfest. Just in time zur \u201eWiesn\u201c stellen adidas Originals zwei Sondermodelle mit viel bayerischer Tradition vor. Ein Sneaker kann dabei gleichzeitig auch als VIP-Ticket f\u00fcr die Wiesn genutzt werden \u2013 was ihn bei Trefoil-Sammlern und Oktoberfest-Fans nur noch begehrter machen d\u00fcrfte.<\/p>\n<h2><strong>R\u00fcckkehr des \u201eM\u00fcnchen Made in Germany\u201c<\/strong><\/h2>\n<p><noscript><img fetchpriority=\"high\" decoding=\"async\" class=\"alignnone size-medium wp-image-33709\" src=\"https:\/\/www.everysize.com\/mag\/wp-content\/uploads\/1-BSTN-x-adidas-Originals-Wiesn-Titelbild1-800x533.jpg\" alt=\"BSTN x adidas Originals Wiesn Titelbild\" width=\"800\" height=\"533\" srcset=\"https:\/\/www.everysize.com\/mag\/wp-content\/uploads\/1-BSTN-x-adidas-Originals-Wiesn-Titelbild1-800x533.jpg 800w, https:\/\/www.everysize.com\/mag\/wp-content\/uploads\/1-BSTN-x-adidas-Originals-Wiesn-Titelbild1-1160x773.jpg 1160w, https:\/\/www.everysize.com\/mag\/wp-content\/uploads\/1-BSTN-x-adidas-Originals-Wiesn-Titelbild1-320x213.jpg 320w, https:\/\/www.everysize.com\/mag\/wp-content\/uploads\/1-BSTN-x-adidas-Originals-Wiesn-Titelbild1-560x373.jpg 560w, https:\/\/www.everysize.com\/mag\/wp-content\/uploads\/1-BSTN-x-adidas-Originals-Wiesn-Titelbild1.jpg 1200w\" sizes=\"(max-width: 800px) 100vw, 800px\"><\/noscript><img fetchpriority=\"high\" decoding=\"async\" class=\"alignnone size-medium wp-image-33709 lazyload\" src=\"data:image\/svg+xml,%3Csvg%20xmlns%3D%22http%3A%2F%2Fwww.w3.org%2F2000%2Fsvg%22%20viewBox%3D%220%200%20800%20533%22%3E%3C%2Fsvg%3E\" alt=\"BSTN x adidas Originals Wiesn Titelbild\" width=\"800\" height=\"533\" srcset=\"data:image\/svg+xml,%3Csvg%20xmlns%3D%22http%3A%2F%2Fwww.w3.org%2F2000%2Fsvg%22%20viewBox%3D%220%200%20800%20533%22%3E%3C%2Fsvg%3E 800w\" sizes=\"(max-width: 800px) 100vw, 800px\" data-srcset=\"https:\/\/www.everysize.com\/mag\/wp-content\/uploads\/1-BSTN-x-adidas-Originals-Wiesn-Titelbild1-800x533.jpg 800w, https:\/\/www.everysize.com\/mag\/wp-content\/uploads\/1-BSTN-x-adidas-Originals-Wiesn-Titelbild1-1160x773.jpg 1160w, https:\/\/www.everysize.com\/mag\/wp-content\/uploads\/1-BSTN-x-adidas-Originals-Wiesn-Titelbild1-320x213.jpg 320w, https:\/\/www.everysize.com\/mag\/wp-content\/uploads\/1-BSTN-x-adidas-Originals-Wiesn-Titelbild1-560x373.jpg 560w, https:\/\/www.everysize.com\/mag\/wp-content\/uploads\/1-BSTN-x-adidas-Originals-Wiesn-Titelbild1.jpg 1200w\" data-src=\"https:\/\/www.everysize.com\/mag\/wp-content\/uploads\/1-BSTN-x-adidas-Originals-Wiesn-Titelbild1-800x533.jpg\"><\/p>\n<p>Zun\u00e4chst steht schon an diesem Wochenende zur Er\u00f6ffnung des Oktoberfestes die R\u00fcckkehr des \u201eM\u00fcnchen Made in Germany\u201c im Release-Kalender. Dabei wird der in Deutschland gefertigte Klassiker erstmals auch in einem beigen Wiesn-Colorway erscheinen. Hinzu kommt der bekannte braune Farbweg angelehnt an die Optik der traditionellen Lederhose. Beide \u201eM\u00fcnchen MIG\u201c-Sneaker feiern auf originelle Art das vielleicht ber\u00fchmteste Volksfest der Welt. So tritt ein goldener \u201eProst\u201c-Schriftzug an die Stelle der Modellbezeichnung. Und auch eine aufgestickte Brezel und die Edelweiss-Applikationen rund um die Ferse verweisen auf das ganz besondere bayerische Lebensgef\u00fchl, dem sich adidas als bayerisches bzw. fr\u00e4nkisches Unternehmen bis heute verbunden f\u00fchlt.<\/p>\n<p>Viral d\u00fcrfte auch der vom dem M\u00fcnchner <a href=\"https:\/\/www.bstn.com\">BSTN-Store<\/a> geplante Videoclip zum Release des \u201eM\u00fcnchen MIG\u201c gehen. Darin treten Stars wie Supermodell Lena Gercke, Rapper Sido und FC Bayern-Spieler David Alaba im neuen Wiesn-Sneaker auf. Das Ergebnis ist ein ganz besonderes Familienportrait mit viel Ironie, in dem sogar die Kutscher der Paulaner-Brauerei ihren gro\u00dfen Auftritt erhalten.<\/p>\n<p><noscript><img decoding=\"async\" class=\"alignnone wp-image-33721 size-medium\" title=\"Mu\u0308nchen-adidas-bstn-oktoberfest-02\" src=\"https:\/\/www.everysize.com\/mag\/wp-content\/uploads\/Mu\u0308nchen-adidas-bstn-oktoberfest-02-800x1000.jpg\" alt=\"Mu\u0308nchen-adidas-bstn-oktoberfest-02\" width=\"800\" height=\"1000\" srcset=\"https:\/\/www.everysize.com\/mag\/wp-content\/uploads\/Mu\u0308nchen-adidas-bstn-oktoberfest-02-800x1000.jpg 800w, https:\/\/www.everysize.com\/mag\/wp-content\/uploads\/Mu\u0308nchen-adidas-bstn-oktoberfest-02-320x400.jpg 320w, https:\/\/www.everysize.com\/mag\/wp-content\/uploads\/Mu\u0308nchen-adidas-bstn-oktoberfest-02-560x700.jpg 560w, https:\/\/www.everysize.com\/mag\/wp-content\/uploads\/Mu\u0308nchen-adidas-bstn-oktoberfest-02.jpg 1080w\" sizes=\"(max-width: 800px) 100vw, 800px\"><\/noscript><img decoding=\"async\" class=\"alignnone wp-image-33721 size-medium lazyload\" title=\"Mu\u0308nchen-adidas-bstn-oktoberfest-02\" src=\"data:image\/svg+xml,%3Csvg%20xmlns%3D%22http%3A%2F%2Fwww.w3.org%2F2000%2Fsvg%22%20viewBox%3D%220%200%20800%201000%22%3E%3C%2Fsvg%3E\" alt=\"Mu\u0308nchen-adidas-bstn-oktoberfest-02\" width=\"800\" height=\"1000\" srcset=\"data:image\/svg+xml,%3Csvg%20xmlns%3D%22http%3A%2F%2Fwww.w3.org%2F2000%2Fsvg%22%20viewBox%3D%220%200%20800%201000%22%3E%3C%2Fsvg%3E 800w\" sizes=\"(max-width: 800px) 100vw, 800px\" data-srcset=\"https:\/\/www.everysize.com\/mag\/wp-content\/uploads\/Mu\u0308nchen-adidas-bstn-oktoberfest-02-800x1000.jpg 800w, https:\/\/www.everysize.com\/mag\/wp-content\/uploads\/Mu\u0308nchen-adidas-bstn-oktoberfest-02-320x400.jpg 320w, https:\/\/www.everysize.com\/mag\/wp-content\/uploads\/Mu\u0308nchen-adidas-bstn-oktoberfest-02-560x700.jpg 560w, https:\/\/www.everysize.com\/mag\/wp-content\/uploads\/Mu\u0308nchen-adidas-bstn-oktoberfest-02.jpg 1080w\" data-src=\"https:\/\/www.everysize.com\/mag\/wp-content\/uploads\/Mu\u0308nchen-adidas-bstn-oktoberfest-02-800x1000.jpg\"><\/p>\n<ul>\n<li><strong>Stylecode: BY9805<\/strong><\/li>\n<li><strong>Release: 14.9.2019<\/strong><\/li>\n<li><strong>Preis: 199,95 Euro<\/strong><\/li>\n<\/ul>\n<p><noscript><img decoding=\"async\" class=\"alignnone size-medium wp-image-33720\" src=\"https:\/\/www.everysize.com\/mag\/wp-content\/uploads\/Adidas_MIG_Beige-3-02-800x1000.jpg\" alt=\"Adidas_MIG_Beige-oktoberfest\" width=\"800\" height=\"1000\" srcset=\"https:\/\/www.everysize.com\/mag\/wp-content\/uploads\/Adidas_MIG_Beige-3-02-800x1000.jpg 800w, https:\/\/www.everysize.com\/mag\/wp-content\/uploads\/Adidas_MIG_Beige-3-02-1160x1450.jpg 1160w, https:\/\/www.everysize.com\/mag\/wp-content\/uploads\/Adidas_MIG_Beige-3-02-320x400.jpg 320w, https:\/\/www.everysize.com\/mag\/wp-content\/uploads\/Adidas_MIG_Beige-3-02-560x700.jpg 560w, https:\/\/www.everysize.com\/mag\/wp-content\/uploads\/Adidas_MIG_Beige-3-02.jpg 1700w\" sizes=\"(max-width: 800px) 100vw, 800px\"><\/noscript><img decoding=\"async\" class=\"alignnone size-medium wp-image-33720 lazyload\" src=\"data:image\/svg+xml,%3Csvg%20xmlns%3D%22http%3A%2F%2Fwww.w3.org%2F2000%2Fsvg%22%20viewBox%3D%220%200%20800%201000%22%3E%3C%2Fsvg%3E\" alt=\"Adidas_MIG_Beige-oktoberfest\" width=\"800\" height=\"1000\" srcset=\"data:image\/svg+xml,%3Csvg%20xmlns%3D%22http%3A%2F%2Fwww.w3.org%2F2000%2Fsvg%22%20viewBox%3D%220%200%20800%201000%22%3E%3C%2Fsvg%3E 800w\" sizes=\"(max-width: 800px) 100vw, 800px\" data-srcset=\"https:\/\/www.everysize.com\/mag\/wp-content\/uploads\/Adidas_MIG_Beige-3-02-800x1000.jpg 800w, https:\/\/www.everysize.com\/mag\/wp-content\/uploads\/Adidas_MIG_Beige-3-02-1160x1450.jpg 1160w, https:\/\/www.everysize.com\/mag\/wp-content\/uploads\/Adidas_MIG_Beige-3-02-320x400.jpg 320w, https:\/\/www.everysize.com\/mag\/wp-content\/uploads\/Adidas_MIG_Beige-3-02-560x700.jpg 560w, https:\/\/www.everysize.com\/mag\/wp-content\/uploads\/Adidas_MIG_Beige-3-02.jpg 1700w\" data-src=\"https:\/\/www.everysize.com\/mag\/wp-content\/uploads\/Adidas_MIG_Beige-3-02-800x1000.jpg\"><\/p>\n<ul>\n<li><strong>Stylecode: EH1472<\/strong><\/li>\n<li><strong>Release: 14.9.2019<\/strong><\/li>\n<li><strong>Preis: 199,95 Euro<\/strong><\/li>\n<\/ul>\n<p><strong>&nbsp;<\/strong><strong>&nbsp;<\/strong><\/p>\n<h2><strong>Ein Wiesn-Sneaker als Eintrittskarte<\/strong><\/h2>\n<p><noscript><img loading=\"lazy\" decoding=\"async\" class=\"alignnone wp-image-33714 size-medium\" title=\"SC-Premiere_Serge_Gnabry-adidas-bstn-oktoberfest\" src=\"https:\/\/www.everysize.com\/mag\/wp-content\/uploads\/SC-Premiere_Serge_Gnabry-adidas-bstn-oktoberfest-800x1000.jpg\" alt=\"SC-Premiere_Serge_Gnabry-adidas-bstn-oktoberfest\" width=\"800\" height=\"1000\" srcset=\"https:\/\/www.everysize.com\/mag\/wp-content\/uploads\/SC-Premiere_Serge_Gnabry-adidas-bstn-oktoberfest-800x1000.jpg 800w, https:\/\/www.everysize.com\/mag\/wp-content\/uploads\/SC-Premiere_Serge_Gnabry-adidas-bstn-oktoberfest-1160x1450.jpg 1160w, https:\/\/www.everysize.com\/mag\/wp-content\/uploads\/SC-Premiere_Serge_Gnabry-adidas-bstn-oktoberfest-320x400.jpg 320w, https:\/\/www.everysize.com\/mag\/wp-content\/uploads\/SC-Premiere_Serge_Gnabry-adidas-bstn-oktoberfest-560x700.jpg 560w, https:\/\/www.everysize.com\/mag\/wp-content\/uploads\/SC-Premiere_Serge_Gnabry-adidas-bstn-oktoberfest-1920x2400.jpg 1920w, https:\/\/www.everysize.com\/mag\/wp-content\/uploads\/SC-Premiere_Serge_Gnabry-adidas-bstn-oktoberfest.jpg 2000w\" sizes=\"(max-width: 800px) 100vw, 800px\"><\/noscript><img loading=\"lazy\" decoding=\"async\" class=\"alignnone wp-image-33714 size-medium lazyload\" title=\"SC-Premiere_Serge_Gnabry-adidas-bstn-oktoberfest\" src=\"data:image\/svg+xml,%3Csvg%20xmlns%3D%22http%3A%2F%2Fwww.w3.org%2F2000%2Fsvg%22%20viewBox%3D%220%200%20800%201000%22%3E%3C%2Fsvg%3E\" alt=\"SC-Premiere_Serge_Gnabry-adidas-bstn-oktoberfest\" width=\"800\" height=\"1000\" srcset=\"data:image\/svg+xml,%3Csvg%20xmlns%3D%22http%3A%2F%2Fwww.w3.org%2F2000%2Fsvg%22%20viewBox%3D%220%200%20800%201000%22%3E%3C%2Fsvg%3E 800w\" sizes=\"(max-width: 800px) 100vw, 800px\" data-srcset=\"https:\/\/www.everysize.com\/mag\/wp-content\/uploads\/SC-Premiere_Serge_Gnabry-adidas-bstn-oktoberfest-800x1000.jpg 800w, https:\/\/www.everysize.com\/mag\/wp-content\/uploads\/SC-Premiere_Serge_Gnabry-adidas-bstn-oktoberfest-1160x1450.jpg 1160w, https:\/\/www.everysize.com\/mag\/wp-content\/uploads\/SC-Premiere_Serge_Gnabry-adidas-bstn-oktoberfest-320x400.jpg 320w, https:\/\/www.everysize.com\/mag\/wp-content\/uploads\/SC-Premiere_Serge_Gnabry-adidas-bstn-oktoberfest-560x700.jpg 560w, https:\/\/www.everysize.com\/mag\/wp-content\/uploads\/SC-Premiere_Serge_Gnabry-adidas-bstn-oktoberfest-1920x2400.jpg 1920w, https:\/\/www.everysize.com\/mag\/wp-content\/uploads\/SC-Premiere_Serge_Gnabry-adidas-bstn-oktoberfest.jpg 2000w\" data-src=\"https:\/\/www.everysize.com\/mag\/wp-content\/uploads\/SC-Premiere_Serge_Gnabry-adidas-bstn-oktoberfest-800x1000.jpg\"><\/p>\n<p>Doch damit nicht genug! adidas Originals haben f\u00fcr alle Wiesn-Fans noch eine weitere Sneaker-\u00dcberraschung zum Oktoberfest. Die Rede ist vom SC Premiere \u201eProst\u201c, der in einer wirklich geringen St\u00fcckzahl von 100 Paaren erscheinen wird. Die Verbindung zur Wiesn wurde hier deutlich dezenter umgesetzt in einem sehr cleanen, fast schon zeitlosen Design. Bereits das hochwertige Leder und die Herstellung in Bayern stehen f\u00fcr den Premium-Ansatz dieses Sneakers. Hierzu passt auch minimalistische, goldene \u201eProst\u201c-Branding. Wer genau hinsieht, erkennt auf den Innensohlen die bayerische Flagge.<\/p>\n<p>F\u00fcr Aufsehen d\u00fcrfte neben der Kampagne mit Fu\u00dfballstar Serge Gnabry auch ein weiteres Feature des SC Premiere \u201eProst\u201c sorgen. Laut <a href=\"https:\/\/www.everysize.com\/sneaker\/adidas\/\">adidas<\/a> kann der Sneaker am ersten Sonntag auch als Eintrittskarte in den VIP-Bereich des Paulaner Festzeltes genutzt werden. Da wird sich manch einer an die BVG x Overkill-Collab erinnert f\u00fchlen. Au\u00dferdem werden die insgesamt 100 Paare nur im M\u00fcnchner BSTN-Store \u00fcber ein <a href=\"https:\/\/www.everysize.com\/mag\/sneaker-lexikon\/raffle\/\">Instore-Raffle<\/a> erh\u00e4ltlich sein. An ein Paar zu kommen, d\u00fcrfte daher nicht ganz so leicht sein.<\/p>\n<p><noscript><img loading=\"lazy\" decoding=\"async\" class=\"alignnone wp-image-33717 size-medium\" title=\"SC-Premiere_Serge_Gnabry-adidas-bstn-oktoberfest-02\" src=\"https:\/\/www.everysize.com\/mag\/wp-content\/uploads\/SC-Premiere_Serge_Gnabry-adidas-bstn-oktoberfest-02-800x1000.jpg\" alt=\"SC-Premiere_Serge_Gnabry-adidas-bstn-oktoberfest-02\" width=\"800\" height=\"1000\" srcset=\"https:\/\/www.everysize.com\/mag\/wp-content\/uploads\/SC-Premiere_Serge_Gnabry-adidas-bstn-oktoberfest-02-800x1000.jpg 800w, https:\/\/www.everysize.com\/mag\/wp-content\/uploads\/SC-Premiere_Serge_Gnabry-adidas-bstn-oktoberfest-02-1160x1450.jpg 1160w, https:\/\/www.everysize.com\/mag\/wp-content\/uploads\/SC-Premiere_Serge_Gnabry-adidas-bstn-oktoberfest-02-320x400.jpg 320w, https:\/\/www.everysize.com\/mag\/wp-content\/uploads\/SC-Premiere_Serge_Gnabry-adidas-bstn-oktoberfest-02-560x700.jpg 560w, https:\/\/www.everysize.com\/mag\/wp-content\/uploads\/SC-Premiere_Serge_Gnabry-adidas-bstn-oktoberfest-02-1920x2400.jpg 1920w, https:\/\/www.everysize.com\/mag\/wp-content\/uploads\/SC-Premiere_Serge_Gnabry-adidas-bstn-oktoberfest-02.jpg 2000w\" sizes=\"(max-width: 800px) 100vw, 800px\"><\/noscript><img loading=\"lazy\" decoding=\"async\" class=\"alignnone wp-image-33717 size-medium lazyload\" title=\"SC-Premiere_Serge_Gnabry-adidas-bstn-oktoberfest-02\" src=\"data:image\/svg+xml,%3Csvg%20xmlns%3D%22http%3A%2F%2Fwww.w3.org%2F2000%2Fsvg%22%20viewBox%3D%220%200%20800%201000%22%3E%3C%2Fsvg%3E\" alt=\"SC-Premiere_Serge_Gnabry-adidas-bstn-oktoberfest-02\" width=\"800\" height=\"1000\" srcset=\"data:image\/svg+xml,%3Csvg%20xmlns%3D%22http%3A%2F%2Fwww.w3.org%2F2000%2Fsvg%22%20viewBox%3D%220%200%20800%201000%22%3E%3C%2Fsvg%3E 800w\" sizes=\"(max-width: 800px) 100vw, 800px\" data-srcset=\"https:\/\/www.everysize.com\/mag\/wp-content\/uploads\/SC-Premiere_Serge_Gnabry-adidas-bstn-oktoberfest-02-800x1000.jpg 800w, https:\/\/www.everysize.com\/mag\/wp-content\/uploads\/SC-Premiere_Serge_Gnabry-adidas-bstn-oktoberfest-02-1160x1450.jpg 1160w, https:\/\/www.everysize.com\/mag\/wp-content\/uploads\/SC-Premiere_Serge_Gnabry-adidas-bstn-oktoberfest-02-320x400.jpg 320w, https:\/\/www.everysize.com\/mag\/wp-content\/uploads\/SC-Premiere_Serge_Gnabry-adidas-bstn-oktoberfest-02-560x700.jpg 560w, https:\/\/www.everysize.com\/mag\/wp-content\/uploads\/SC-Premiere_Serge_Gnabry-adidas-bstn-oktoberfest-02-1920x2400.jpg 1920w, https:\/\/www.everysize.com\/mag\/wp-content\/uploads\/SC-Premiere_Serge_Gnabry-adidas-bstn-oktoberfest-02.jpg 2000w\" data-src=\"https:\/\/www.everysize.com\/mag\/wp-content\/uploads\/SC-Premiere_Serge_Gnabry-adidas-bstn-oktoberfest-02-800x1000.jpg\"><\/p>\n<ul>\n<li><strong>Stylecode: EH1474<\/strong><\/li>\n<li><strong>Release: 20.9.2019 (Raffle 16. bis 19.9. bei BSTN)<\/strong><\/li>\n<li><strong>Preis: 119,95 Euro<\/strong><\/li>\n<\/ul>\n<p>Credits: adidas, BSTN<\/p>\n<div class=\"tags\"><div class=\"tags__title\">Tags<\/div><a href=\"https:\/\/www.everysize.com\/mag\/tag\/adidas\/\" rel=\"tag\">adidas<\/a><\/div>","protected":false},"excerpt":{"rendered":"<p>In wenigen Tagen beginnt in M\u00fcnchen wie jedes Jahr das Oktoberfest. Just in time zur \u201eWiesn\u201c stellen adidas Originals zwei Sondermodelle mit viel bayerischer Tradition\u2026<\/p>\n","protected":false},"author":13,"featured_media":33709,"comment_status":"closed","ping_status":"closed","sticky":false,"template":"","format":"standard","meta":{"_acf_changed":false,"inline_featured_image":false,"everysize_hide_nav":false,"footnotes":""},"categories":[8063],"tags":[28],"class_list":["post-33706","post","type-post","status-publish","format-standard","has-post-thumbnail","hentry","category-news","tag-adidas"],"acf":[],"yoast_head":"<!-- This site is optimized with the Yoast SEO Premium plugin v26.9 (Yoast SEO v26.9) - https:\/\/yoast.com\/product\/yoast-seo-premium-wordpress\/ -->\n<title>adidas mit Sondermodellen zum Oktoberfest | everysize Blog<\/title>\n<meta name=\"description\" content=\"Zum Oktoberfest 2019 pr\u00e4sentieren adidas Originals zwei limitierte Wiesn-Sneaker. Einer kann sogar als VIP-Eintrittskarte genutzt werden.\" \/>\n<meta name=\"robots\" content=\"index, follow, max-snippet:-1, max-image-preview:large, max-video-preview:-1\" \/>\n<link rel=\"canonical\" href=\"https:\/\/www.everysize.com\/mag\/news\/adidas-oktoberfest-wiesn-sneaker\/\" \/>\n<meta property=\"og:locale\" content=\"de_DE\" \/>\n<meta property=\"og:type\" content=\"article\" \/>\n<meta property=\"og:title\" content=\"adidas mit Sondermodellen zum Oktoberfest | everysize Blog\" \/>\n<meta property=\"og:description\" content=\"In wenigen Tagen beginnt in M\u00fcnchen wie jedes Jahr das Oktoberfest. Just in time zur \u201eWiesn\u201c stellen adidas Originals zwei Sondermodelle mit viel\" \/>\n<meta property=\"og:url\" content=\"https:\/\/www.everysize.com\/mag\/news\/adidas-oktoberfest-wiesn-sneaker\/\" \/>\n<meta property=\"og:site_name\" content=\"everysize Blog\" \/>\n<meta property=\"article:publisher\" content=\"https:\/\/www.facebook.com\/everysizecom\/\" \/>\n<meta property=\"article:published_time\" content=\"2019-09-11T13:52:04+00:00\" \/>\n<meta property=\"article:modified_time\" content=\"2019-11-25T16:06:31+00:00\" \/>\n<meta property=\"og:image\" content=\"https:\/\/www.everysize.com\/mag\/wp-content\/uploads\/1-BSTN-x-adidas-Originals-Wiesn-Titelbild1.jpg\" \/>\n\t<meta property=\"og:image:width\" content=\"1200\" \/>\n\t<meta property=\"og:image:height\" content=\"800\" \/>\n\t<meta property=\"og:image:type\" content=\"image\/jpeg\" \/>\n<meta name=\"author\" content=\"Marcus Wessel\" \/>\n<meta name=\"twitter:card\" content=\"summary_large_image\" \/>\n<meta name=\"twitter:creator\" content=\"@everysize_com\" \/>\n<meta name=\"twitter:site\" content=\"@everysize_com\" \/>\n<meta name=\"twitter:label1\" content=\"Verfasst von\" \/>\n\t<meta name=\"twitter:data1\" content=\"Marcus Wessel\" \/>\n\t<meta name=\"twitter:label2\" content=\"Gesch\u00e4tzte Lesezeit\" \/>\n\t<meta name=\"twitter:data2\" content=\"2\u00a0Minuten\" \/>\n<script type=\"application\/ld+json\" class=\"yoast-schema-graph\">{\"@context\":\"https:\/\/schema.org\",\"@graph\":[{\"@type\":\"Article\",\"@id\":\"https:\/\/www.everysize.com\/mag\/news\/adidas-oktoberfest-wiesn-sneaker\/#article\",\"isPartOf\":{\"@id\":\"https:\/\/www.everysize.com\/mag\/news\/adidas-oktoberfest-wiesn-sneaker\/\"},\"author\":{\"name\":\"Marcus Wessel\",\"@id\":\"https:\/\/www.everysize.com\/mag\/#\/schema\/person\/499168e6921a9e7811c79c8719b4e3c1\"},\"headline\":\"adidas mit Sondermodellen zum Oktoberfest\",\"datePublished\":\"2019-09-11T13:52:04+00:00\",\"dateModified\":\"2019-11-25T16:06:31+00:00\",\"mainEntityOfPage\":{\"@id\":\"https:\/\/www.everysize.com\/mag\/news\/adidas-oktoberfest-wiesn-sneaker\/\"},\"wordCount\":432,\"publisher\":{\"@id\":\"https:\/\/www.everysize.com\/mag\/#organization\"},\"image\":{\"@id\":\"https:\/\/www.everysize.com\/mag\/news\/adidas-oktoberfest-wiesn-sneaker\/#primaryimage\"},\"thumbnailUrl\":\"https:\/\/www.everysize.com\/mag\/wp-content\/uploads\/1-BSTN-x-adidas-Originals-Wiesn-Titelbild1.jpg\",\"keywords\":[\"adidas\"],\"articleSection\":[\"News\"],\"inLanguage\":\"de\"},{\"@type\":\"WebPage\",\"@id\":\"https:\/\/www.everysize.com\/mag\/news\/adidas-oktoberfest-wiesn-sneaker\/\",\"url\":\"https:\/\/www.everysize.com\/mag\/news\/adidas-oktoberfest-wiesn-sneaker\/\",\"name\":\"adidas mit Sondermodellen zum Oktoberfest | everysize Blog\",\"isPartOf\":{\"@id\":\"https:\/\/www.everysize.com\/mag\/#website\"},\"primaryImageOfPage\":{\"@id\":\"https:\/\/www.everysize.com\/mag\/news\/adidas-oktoberfest-wiesn-sneaker\/#primaryimage\"},\"image\":{\"@id\":\"https:\/\/www.everysize.com\/mag\/news\/adidas-oktoberfest-wiesn-sneaker\/#primaryimage\"},\"thumbnailUrl\":\"https:\/\/www.everysize.com\/mag\/wp-content\/uploads\/1-BSTN-x-adidas-Originals-Wiesn-Titelbild1.jpg\",\"datePublished\":\"2019-09-11T13:52:04+00:00\",\"dateModified\":\"2019-11-25T16:06:31+00:00\",\"description\":\"Zum Oktoberfest 2019 pr\u00e4sentieren adidas Originals zwei limitierte Wiesn-Sneaker. Einer kann sogar als VIP-Eintrittskarte genutzt werden.\",\"breadcrumb\":{\"@id\":\"https:\/\/www.everysize.com\/mag\/news\/adidas-oktoberfest-wiesn-sneaker\/#breadcrumb\"},\"inLanguage\":\"de\",\"potentialAction\":[{\"@type\":\"ReadAction\",\"target\":[\"https:\/\/www.everysize.com\/mag\/news\/adidas-oktoberfest-wiesn-sneaker\/\"]}]},{\"@type\":\"ImageObject\",\"inLanguage\":\"de\",\"@id\":\"https:\/\/www.everysize.com\/mag\/news\/adidas-oktoberfest-wiesn-sneaker\/#primaryimage\",\"url\":\"https:\/\/www.everysize.com\/mag\/wp-content\/uploads\/1-BSTN-x-adidas-Originals-Wiesn-Titelbild1.jpg\",\"contentUrl\":\"https:\/\/www.everysize.com\/mag\/wp-content\/uploads\/1-BSTN-x-adidas-Originals-Wiesn-Titelbild1.jpg\",\"width\":1200,\"height\":800,\"caption\":\"BSTN x adidas Originals Wiesn Titelbild\"},{\"@type\":\"BreadcrumbList\",\"@id\":\"https:\/\/www.everysize.com\/mag\/news\/adidas-oktoberfest-wiesn-sneaker\/#breadcrumb\",\"itemListElement\":[{\"@type\":\"ListItem\",\"position\":1,\"name\":\"Magazin\",\"item\":\"https:\/\/www.everysize.com\/mag\/\"},{\"@type\":\"ListItem\",\"position\":2,\"name\":\"adidas mit Sondermodellen zum Oktoberfest\"}]},{\"@type\":\"WebSite\",\"@id\":\"https:\/\/www.everysize.com\/mag\/#website\",\"url\":\"https:\/\/www.everysize.com\/mag\/\",\"name\":\"everysize Blog\",\"description\":\"Releases, Trends &amp; Interviews\",\"publisher\":{\"@id\":\"https:\/\/www.everysize.com\/mag\/#organization\"},\"inLanguage\":\"de\"},{\"@type\":\"Organization\",\"@id\":\"https:\/\/www.everysize.com\/mag\/#organization\",\"name\":\"everysize\",\"url\":\"https:\/\/www.everysize.com\/mag\/\",\"logo\":{\"@type\":\"ImageObject\",\"inLanguage\":\"de\",\"@id\":\"https:\/\/www.everysize.com\/mag\/#\/schema\/logo\/image\/\",\"url\":\"https:\/\/www.everysize.com\/mag\/wp-content\/uploads\/es_magazin_Google_Meta_.jpg\",\"contentUrl\":\"https:\/\/www.everysize.com\/mag\/wp-content\/uploads\/es_magazin_Google_Meta_.jpg\",\"width\":1200,\"height\":628,\"caption\":\"everysize\"},\"image\":{\"@id\":\"https:\/\/www.everysize.com\/mag\/#\/schema\/logo\/image\/\"},\"sameAs\":[\"https:\/\/www.facebook.com\/everysizecom\/\",\"https:\/\/x.com\/everysize_com\",\"https:\/\/www.instagram.com\/everysize\/\",\"https:\/\/www.linkedin.com\/company\/10958702\/\",\"https:\/\/www.pinterest.de\/everysize\/\",\"https:\/\/www.youtube.com\/channel\/UCqrg66pjnv50Ytkfuuq5TzQ\/featured\"]},{\"@type\":\"Person\",\"@id\":\"https:\/\/www.everysize.com\/mag\/#\/schema\/person\/499168e6921a9e7811c79c8719b4e3c1\",\"name\":\"Marcus Wessel\",\"description\":\"Marcus Wessel lebt und arbeitet als freier Redakteur in K\u00f6ln. Er ist seit \u00fcber 20 Jahre Teil der Sneakerszene. Seit 2012 betreibt er den Blog Sneakerzimmer, der sich mit den Themen Turnschuhen und Reisen befasst. Journalistische Erfahrung sammelt er bei verschiedenen Print- und Online-Medien. Seine Sneaker-Leidenschaft geht bis auf die 90er-Jahre zur\u00fcck und auf Modelle wie den Nike Air Max 1 und sp\u00e4ter den Asics Gel-Lyte III. Seine Lieblingsstadt ist New York und sein liebstes Hobby das Kino.\",\"sameAs\":[\"https:\/\/www.sneaker-zimmer.de\/\",\"https:\/\/www.instagram.com\/sneakerzimmer\/\",\"https:\/\/www.linkedin.com\/in\/marcus-wessel-6a364518b\/\"],\"url\":\"https:\/\/www.everysize.com\/mag\/author\/marcus\/\"}]}<\/script>\n<!-- \/ Yoast SEO Premium plugin. -->","yoast_head_json":{"title":"adidas mit Sondermodellen zum Oktoberfest | everysize Blog","description":"Zum Oktoberfest 2019 pr\u00e4sentieren adidas Originals zwei limitierte Wiesn-Sneaker. Einer kann sogar als VIP-Eintrittskarte genutzt werden.","robots":{"index":"index","follow":"follow","max-snippet":"max-snippet:-1","max-image-preview":"max-image-preview:large","max-video-preview":"max-video-preview:-1"},"canonical":"https:\/\/www.everysize.com\/mag\/news\/adidas-oktoberfest-wiesn-sneaker\/","og_locale":"de_DE","og_type":"article","og_title":"adidas mit Sondermodellen zum Oktoberfest | everysize Blog","og_description":"In wenigen Tagen beginnt in M\u00fcnchen wie jedes Jahr das Oktoberfest. Just in time zur \u201eWiesn\u201c stellen adidas Originals zwei Sondermodelle mit viel","og_url":"https:\/\/www.everysize.com\/mag\/news\/adidas-oktoberfest-wiesn-sneaker\/","og_site_name":"everysize Blog","article_publisher":"https:\/\/www.facebook.com\/everysizecom\/","article_published_time":"2019-09-11T13:52:04+00:00","article_modified_time":"2019-11-25T16:06:31+00:00","og_image":[{"width":1200,"height":800,"url":"https:\/\/www.everysize.com\/mag\/wp-content\/uploads\/1-BSTN-x-adidas-Originals-Wiesn-Titelbild1.jpg","type":"image\/jpeg"}],"author":"Marcus Wessel","twitter_card":"summary_large_image","twitter_creator":"@everysize_com","twitter_site":"@everysize_com","twitter_misc":{"Verfasst von":"Marcus Wessel","Gesch\u00e4tzte Lesezeit":"2\u00a0Minuten"},"schema":{"@context":"https:\/\/schema.org","@graph":[{"@type":"Article","@id":"https:\/\/www.everysize.com\/mag\/news\/adidas-oktoberfest-wiesn-sneaker\/#article","isPartOf":{"@id":"https:\/\/www.everysize.com\/mag\/news\/adidas-oktoberfest-wiesn-sneaker\/"},"author":{"name":"Marcus Wessel","@id":"https:\/\/www.everysize.com\/mag\/#\/schema\/person\/499168e6921a9e7811c79c8719b4e3c1"},"headline":"adidas mit Sondermodellen zum Oktoberfest","datePublished":"2019-09-11T13:52:04+00:00","dateModified":"2019-11-25T16:06:31+00:00","mainEntityOfPage":{"@id":"https:\/\/www.everysize.com\/mag\/news\/adidas-oktoberfest-wiesn-sneaker\/"},"wordCount":432,"publisher":{"@id":"https:\/\/www.everysize.com\/mag\/#organization"},"image":{"@id":"https:\/\/www.everysize.com\/mag\/news\/adidas-oktoberfest-wiesn-sneaker\/#primaryimage"},"thumbnailUrl":"https:\/\/www.everysize.com\/mag\/wp-content\/uploads\/1-BSTN-x-adidas-Originals-Wiesn-Titelbild1.jpg","keywords":["adidas"],"articleSection":["News"],"inLanguage":"de"},{"@type":"WebPage","@id":"https:\/\/www.everysize.com\/mag\/news\/adidas-oktoberfest-wiesn-sneaker\/","url":"https:\/\/www.everysize.com\/mag\/news\/adidas-oktoberfest-wiesn-sneaker\/","name":"adidas mit Sondermodellen zum Oktoberfest | everysize Blog","isPartOf":{"@id":"https:\/\/www.everysize.com\/mag\/#website"},"primaryImageOfPage":{"@id":"https:\/\/www.everysize.com\/mag\/news\/adidas-oktoberfest-wiesn-sneaker\/#primaryimage"},"image":{"@id":"https:\/\/www.everysize.com\/mag\/news\/adidas-oktoberfest-wiesn-sneaker\/#primaryimage"},"thumbnailUrl":"https:\/\/www.everysize.com\/mag\/wp-content\/uploads\/1-BSTN-x-adidas-Originals-Wiesn-Titelbild1.jpg","datePublished":"2019-09-11T13:52:04+00:00","dateModified":"2019-11-25T16:06:31+00:00","description":"Zum Oktoberfest 2019 pr\u00e4sentieren adidas Originals zwei limitierte Wiesn-Sneaker. Einer kann sogar als VIP-Eintrittskarte genutzt werden.","breadcrumb":{"@id":"https:\/\/www.everysize.com\/mag\/news\/adidas-oktoberfest-wiesn-sneaker\/#breadcrumb"},"inLanguage":"de","potentialAction":[{"@type":"ReadAction","target":["https:\/\/www.everysize.com\/mag\/news\/adidas-oktoberfest-wiesn-sneaker\/"]}]},{"@type":"ImageObject","inLanguage":"de","@id":"https:\/\/www.everysize.com\/mag\/news\/adidas-oktoberfest-wiesn-sneaker\/#primaryimage","url":"https:\/\/www.everysize.com\/mag\/wp-content\/uploads\/1-BSTN-x-adidas-Originals-Wiesn-Titelbild1.jpg","contentUrl":"https:\/\/www.everysize.com\/mag\/wp-content\/uploads\/1-BSTN-x-adidas-Originals-Wiesn-Titelbild1.jpg","width":1200,"height":800,"caption":"BSTN x adidas Originals Wiesn Titelbild"},{"@type":"BreadcrumbList","@id":"https:\/\/www.everysize.com\/mag\/news\/adidas-oktoberfest-wiesn-sneaker\/#breadcrumb","itemListElement":[{"@type":"ListItem","position":1,"name":"Magazin","item":"https:\/\/www.everysize.com\/mag\/"},{"@type":"ListItem","position":2,"name":"adidas mit Sondermodellen zum Oktoberfest"}]},{"@type":"WebSite","@id":"https:\/\/www.everysize.com\/mag\/#website","url":"https:\/\/www.everysize.com\/mag\/","name":"everysize Blog","description":"Releases, Trends &amp; Interviews","publisher":{"@id":"https:\/\/www.everysize.com\/mag\/#organization"},"inLanguage":"de"},{"@type":"Organization","@id":"https:\/\/www.everysize.com\/mag\/#organization","name":"everysize","url":"https:\/\/www.everysize.com\/mag\/","logo":{"@type":"ImageObject","inLanguage":"de","@id":"https:\/\/www.everysize.com\/mag\/#\/schema\/logo\/image\/","url":"https:\/\/www.everysize.com\/mag\/wp-content\/uploads\/es_magazin_Google_Meta_.jpg","contentUrl":"https:\/\/www.everysize.com\/mag\/wp-content\/uploads\/es_magazin_Google_Meta_.jpg","width":1200,"height":628,"caption":"everysize"},"image":{"@id":"https:\/\/www.everysize.com\/mag\/#\/schema\/logo\/image\/"},"sameAs":["https:\/\/www.facebook.com\/everysizecom\/","https:\/\/x.com\/everysize_com","https:\/\/www.instagram.com\/everysize\/","https:\/\/www.linkedin.com\/company\/10958702\/","https:\/\/www.pinterest.de\/everysize\/","https:\/\/www.youtube.com\/channel\/UCqrg66pjnv50Ytkfuuq5TzQ\/featured"]},{"@type":"Person","@id":"https:\/\/www.everysize.com\/mag\/#\/schema\/person\/499168e6921a9e7811c79c8719b4e3c1","name":"Marcus Wessel","description":"Marcus Wessel lebt und arbeitet als freier Redakteur in K\u00f6ln. Er ist seit \u00fcber 20 Jahre Teil der Sneakerszene. Seit 2012 betreibt er den Blog Sneakerzimmer, der sich mit den Themen Turnschuhen und Reisen befasst. Journalistische Erfahrung sammelt er bei verschiedenen Print- und Online-Medien. Seine Sneaker-Leidenschaft geht bis auf die 90er-Jahre zur\u00fcck und auf Modelle wie den Nike Air Max 1 und sp\u00e4ter den Asics Gel-Lyte III. Seine Lieblingsstadt ist New York und sein liebstes Hobby das Kino.","sameAs":["https:\/\/www.sneaker-zimmer.de\/","https:\/\/www.instagram.com\/sneakerzimmer\/","https:\/\/www.linkedin.com\/in\/marcus-wessel-6a364518b\/"],"url":"https:\/\/www.everysize.com\/mag\/author\/marcus\/"}]}},"_links":{"self":[{"href":"https:\/\/www.everysize.com\/mag\/wp-json\/wp\/v2\/posts\/33706","targetHints":{"allow":["GET"]}}],"collection":[{"href":"https:\/\/www.everysize.com\/mag\/wp-json\/wp\/v2\/posts"}],"about":[{"href":"https:\/\/www.everysize.com\/mag\/wp-json\/wp\/v2\/types\/post"}],"author":[{"embeddable":true,"href":"https:\/\/www.everysize.com\/mag\/wp-json\/wp\/v2\/users\/13"}],"replies":[{"embeddable":true,"href":"https:\/\/www.everysize.com\/mag\/wp-json\/wp\/v2\/comments?post=33706"}],"version-history":[{"count":6,"href":"https:\/\/www.everysize.com\/mag\/wp-json\/wp\/v2\/posts\/33706\/revisions"}],"predecessor-version":[{"id":35235,"href":"https:\/\/www.everysize.com\/mag\/wp-json\/wp\/v2\/posts\/33706\/revisions\/35235"}],"wp:featuredmedia":[{"embeddable":true,"href":"https:\/\/www.everysize.com\/mag\/wp-json\/wp\/v2\/media\/33709"}],"wp:attachment":[{"href":"https:\/\/www.everysize.com\/mag\/wp-json\/wp\/v2\/media?parent=33706"}],"wp:term":[{"taxonomy":"category","embeddable":true,"href":"https:\/\/www.everysize.com\/mag\/wp-json\/wp\/v2\/categories?post=33706"},{"taxonomy":"post_tag","embeddable":true,"href":"https:\/\/www.everysize.com\/mag\/wp-json\/wp\/v2\/tags?post=33706"}],"curies":[{"name":"wp","href":"https:\/\/api.w.org\/{rel}","templated":true}]}}