{"id":37051,"date":"2020-02-18T10:27:02","date_gmt":"2020-02-18T09:27:02","guid":{"rendered":"https:\/\/www.everysize.com\/mag\/?p=37051"},"modified":"2020-02-18T17:16:41","modified_gmt":"2020-02-18T16:16:41","slug":"air-jordan-1-mid-milan","status":"publish","type":"post","link":"https:\/\/www.everysize.com\/mag\/news\/air-jordan-1-mid-milan\/","title":{"rendered":"Air Jordan 1 Mid Milan \u2013 Release-Infos"},"content":{"rendered":"<p>Mailand \u2013 die norditalienische Metropole steht f\u00fcr Mode, Design, Luxus und Architektur. Was nicht jeder wei\u00df: <strong>Auch zwischen der Jordan Brand und Mailand existiert eine lange Verbindung, die nun mit einem cremefarbenen AJ1 Mid noch einmal aufgegriffen und neu erz\u00e4hlt wird.<\/strong><\/p>\n\n\n\n<h2 class=\"wp-block-heading\"><strong>Mailands Architektur als Vorbild<\/strong><\/h2>\n\n\n\n<p>Schon im Jahr 1986 f\u00fchrten die Wege der Jordan Brand nach Italien, wo man f\u00fcr die Herstellung des Air Jordan II auf italienische Handwerkskunst setzte. <strong>Im Vorfeld der kommenden Mail\u00e4nder Fashion Week erscheint in dieser Woche ein AJ1 Mid, der ganz direkt auf die besondere Architektur der Metropole Bezug nimmt.<\/strong><\/p>\n\n\n\n<figure class=\"wp-block-image size-large\"><noscript><img fetchpriority=\"high\" decoding=\"async\" width=\"1160\" height=\"773\" src=\"https:\/\/www.everysize.com\/mag\/wp-content\/uploads\/1-AirJordan-1-Mid-Milan-CV3044-100-1160x773.jpg\" alt=\"AirJordan 1 Mid Milan CV3044-100\" class=\"wp-image-37054\" srcset=\"https:\/\/www.everysize.com\/mag\/wp-content\/uploads\/1-AirJordan-1-Mid-Milan-CV3044-100-1160x773.jpg 1160w, https:\/\/www.everysize.com\/mag\/wp-content\/uploads\/1-AirJordan-1-Mid-Milan-CV3044-100-800x533.jpg 800w, https:\/\/www.everysize.com\/mag\/wp-content\/uploads\/1-AirJordan-1-Mid-Milan-CV3044-100-450x300.jpg 450w, https:\/\/www.everysize.com\/mag\/wp-content\/uploads\/1-AirJordan-1-Mid-Milan-CV3044-100-1200x800.jpg 1200w, https:\/\/www.everysize.com\/mag\/wp-content\/uploads\/1-AirJordan-1-Mid-Milan-CV3044-100.jpg 1280w\" sizes=\"(max-width: 1160px) 100vw, 1160px\"><\/noscript><img fetchpriority=\"high\" decoding=\"async\" width=\"1160\" height=\"773\" src=\"data:image\/svg+xml,%3Csvg%20xmlns%3D%22http%3A%2F%2Fwww.w3.org%2F2000%2Fsvg%22%20viewBox%3D%220%200%201160%20773%22%3E%3C%2Fsvg%3E\" alt=\"AirJordan 1 Mid Milan CV3044-100\" class=\"wp-image-37054 lazyload\" srcset=\"data:image\/svg+xml,%3Csvg%20xmlns%3D%22http%3A%2F%2Fwww.w3.org%2F2000%2Fsvg%22%20viewBox%3D%220%200%201160%20773%22%3E%3C%2Fsvg%3E 1160w\" sizes=\"(max-width: 1160px) 100vw, 1160px\" data-srcset=\"https:\/\/www.everysize.com\/mag\/wp-content\/uploads\/1-AirJordan-1-Mid-Milan-CV3044-100-1160x773.jpg 1160w, https:\/\/www.everysize.com\/mag\/wp-content\/uploads\/1-AirJordan-1-Mid-Milan-CV3044-100-800x533.jpg 800w, https:\/\/www.everysize.com\/mag\/wp-content\/uploads\/1-AirJordan-1-Mid-Milan-CV3044-100-450x300.jpg 450w, https:\/\/www.everysize.com\/mag\/wp-content\/uploads\/1-AirJordan-1-Mid-Milan-CV3044-100-1200x800.jpg 1200w, https:\/\/www.everysize.com\/mag\/wp-content\/uploads\/1-AirJordan-1-Mid-Milan-CV3044-100.jpg 1280w\" data-src=\"https:\/\/www.everysize.com\/mag\/wp-content\/uploads\/1-AirJordan-1-Mid-Milan-CV3044-100-1160x773.jpg\"><\/figure>\n\n\n\n<p>Geb\u00e4ude wie der weltber\u00fchmte Mail\u00e4nder Dom oder die Kirche&nbsp;Santa Maria delle Grazie, in der sich Leonardo da Vincis \u201eDas Abendmahl\u201c bestaunen l\u00e4sst, dienten hier als Inspiration. Die Farbwahl aus verschiedenen hellen Creme- und Graut\u00f6nen sorgt in Kombination mit dem Premium-Materialmix aus Leder, Suede und Canvas f\u00fcr einen ausgesprochen edlen Look \u2013 edel wie italienisches Marmor. Ein besonderes MLN-Hangtag darf bei diesem <a href=\"https:\/\/www.everysize.com\/schuhe\/jordan\/nike-air-jordan-1\/\">Air Jordan 1 Mid<\/a> nicht fehlen. Der Pre-Release findet bereits am 19. Februar bei One Block Down in Mailand statt. <strong>Der globale Release folgt dann am 22. Februar.<\/strong><\/p>\n\n\n\n<ul class=\"wp-block-list\"><li><strong>Stylecode:&nbsp;CV3044-100<\/strong><\/li><li><strong>Release: 22.2.2020<\/strong><\/li><li><strong>Preis: 140 Euro<\/strong><\/li><\/ul>\n\n\n\n<div class=\"wp-block-group\"><div class=\"wp-block-group__inner-container is-layout-flow wp-block-group-is-layout-flow\">\n<figure class=\"wp-block-gallery aligncenter columns-1 is-cropped wp-block-gallery-1 is-layout-flex wp-block-gallery-is-layout-flex\"><ul class=\"blocks-gallery-grid\"><li class=\"blocks-gallery-item\"><figure><noscript><img decoding=\"async\" width=\"640\" height=\"720\" src=\"https:\/\/www.everysize.com\/mag\/wp-content\/uploads\/air-jordan-1-mid-milan-release-news-01.jpg\" alt=\"air-jordan-1-mid-milan-release-news-01\" data-id=\"37082\" data-full-url=\"https:\/\/www.everysize.com\/mag\/wp-content\/uploads\/air-jordan-1-mid-milan-release-news-01.jpg\" data-link=\"https:\/\/www.everysize.com\/mag\/news\/air-jordan-1-mid-milan\/attachment\/air-jordan-1-mid-milan-release-news-01\/\" class=\"wp-image-37082\" srcset=\"https:\/\/www.everysize.com\/mag\/wp-content\/uploads\/air-jordan-1-mid-milan-release-news-01.jpg 640w, https:\/\/www.everysize.com\/mag\/wp-content\/uploads\/air-jordan-1-mid-milan-release-news-01-450x506.jpg 450w\" sizes=\"(max-width: 640px) 100vw, 640px\"><\/noscript><img decoding=\"async\" width=\"640\" height=\"720\" src=\"data:image\/svg+xml,%3Csvg%20xmlns%3D%22http%3A%2F%2Fwww.w3.org%2F2000%2Fsvg%22%20viewBox%3D%220%200%20640%20720%22%3E%3C%2Fsvg%3E\" alt=\"air-jordan-1-mid-milan-release-news-01\" data-id=\"37082\" data-full-url=\"https:\/\/www.everysize.com\/mag\/wp-content\/uploads\/air-jordan-1-mid-milan-release-news-01.jpg\" data-link=\"https:\/\/www.everysize.com\/mag\/news\/air-jordan-1-mid-milan\/attachment\/air-jordan-1-mid-milan-release-news-01\/\" class=\"wp-image-37082 lazyload\" srcset=\"data:image\/svg+xml,%3Csvg%20xmlns%3D%22http%3A%2F%2Fwww.w3.org%2F2000%2Fsvg%22%20viewBox%3D%220%200%20640%20720%22%3E%3C%2Fsvg%3E 640w\" sizes=\"(max-width: 640px) 100vw, 640px\" data-srcset=\"https:\/\/www.everysize.com\/mag\/wp-content\/uploads\/air-jordan-1-mid-milan-release-news-01.jpg 640w, https:\/\/www.everysize.com\/mag\/wp-content\/uploads\/air-jordan-1-mid-milan-release-news-01-450x506.jpg 450w\" data-src=\"https:\/\/www.everysize.com\/mag\/wp-content\/uploads\/air-jordan-1-mid-milan-release-news-01.jpg\"><\/figure><\/li><li class=\"blocks-gallery-item\"><figure><noscript><img decoding=\"async\" width=\"640\" height=\"720\" src=\"https:\/\/www.everysize.com\/mag\/wp-content\/uploads\/air-jordan-1-mid-milan-release-news-03.jpg\" alt=\"air-jordan-1-mid-milan-release-news-03\" data-id=\"37080\" data-full-url=\"https:\/\/www.everysize.com\/mag\/wp-content\/uploads\/air-jordan-1-mid-milan-release-news-03.jpg\" data-link=\"https:\/\/www.everysize.com\/mag\/news\/air-jordan-1-mid-milan\/attachment\/air-jordan-1-mid-milan-release-news-03\/\" class=\"wp-image-37080\" srcset=\"https:\/\/www.everysize.com\/mag\/wp-content\/uploads\/air-jordan-1-mid-milan-release-news-03.jpg 640w, https:\/\/www.everysize.com\/mag\/wp-content\/uploads\/air-jordan-1-mid-milan-release-news-03-450x506.jpg 450w\" sizes=\"(max-width: 640px) 100vw, 640px\"><\/noscript><img decoding=\"async\" width=\"640\" height=\"720\" src=\"data:image\/svg+xml,%3Csvg%20xmlns%3D%22http%3A%2F%2Fwww.w3.org%2F2000%2Fsvg%22%20viewBox%3D%220%200%20640%20720%22%3E%3C%2Fsvg%3E\" alt=\"air-jordan-1-mid-milan-release-news-03\" data-id=\"37080\" data-full-url=\"https:\/\/www.everysize.com\/mag\/wp-content\/uploads\/air-jordan-1-mid-milan-release-news-03.jpg\" data-link=\"https:\/\/www.everysize.com\/mag\/news\/air-jordan-1-mid-milan\/attachment\/air-jordan-1-mid-milan-release-news-03\/\" class=\"wp-image-37080 lazyload\" srcset=\"data:image\/svg+xml,%3Csvg%20xmlns%3D%22http%3A%2F%2Fwww.w3.org%2F2000%2Fsvg%22%20viewBox%3D%220%200%20640%20720%22%3E%3C%2Fsvg%3E 640w\" sizes=\"(max-width: 640px) 100vw, 640px\" data-srcset=\"https:\/\/www.everysize.com\/mag\/wp-content\/uploads\/air-jordan-1-mid-milan-release-news-03.jpg 640w, https:\/\/www.everysize.com\/mag\/wp-content\/uploads\/air-jordan-1-mid-milan-release-news-03-450x506.jpg 450w\" data-src=\"https:\/\/www.everysize.com\/mag\/wp-content\/uploads\/air-jordan-1-mid-milan-release-news-03.jpg\"><\/figure><\/li><li class=\"blocks-gallery-item\"><figure><noscript><img loading=\"lazy\" decoding=\"async\" width=\"640\" height=\"720\" src=\"https:\/\/www.everysize.com\/mag\/wp-content\/uploads\/air-jordan-1-mid-milan-release-news-02.jpg\" alt=\"air-jordan-1-mid-milan-release-news-02\" data-id=\"37081\" data-full-url=\"https:\/\/www.everysize.com\/mag\/wp-content\/uploads\/air-jordan-1-mid-milan-release-news-02.jpg\" data-link=\"https:\/\/www.everysize.com\/mag\/news\/air-jordan-1-mid-milan\/attachment\/air-jordan-1-mid-milan-release-news-02\/\" class=\"wp-image-37081\" srcset=\"https:\/\/www.everysize.com\/mag\/wp-content\/uploads\/air-jordan-1-mid-milan-release-news-02.jpg 640w, https:\/\/www.everysize.com\/mag\/wp-content\/uploads\/air-jordan-1-mid-milan-release-news-02-450x506.jpg 450w\" sizes=\"(max-width: 640px) 100vw, 640px\"><\/noscript><img loading=\"lazy\" decoding=\"async\" width=\"640\" height=\"720\" src=\"data:image\/svg+xml,%3Csvg%20xmlns%3D%22http%3A%2F%2Fwww.w3.org%2F2000%2Fsvg%22%20viewBox%3D%220%200%20640%20720%22%3E%3C%2Fsvg%3E\" alt=\"air-jordan-1-mid-milan-release-news-02\" data-id=\"37081\" data-full-url=\"https:\/\/www.everysize.com\/mag\/wp-content\/uploads\/air-jordan-1-mid-milan-release-news-02.jpg\" data-link=\"https:\/\/www.everysize.com\/mag\/news\/air-jordan-1-mid-milan\/attachment\/air-jordan-1-mid-milan-release-news-02\/\" class=\"wp-image-37081 lazyload\" srcset=\"data:image\/svg+xml,%3Csvg%20xmlns%3D%22http%3A%2F%2Fwww.w3.org%2F2000%2Fsvg%22%20viewBox%3D%220%200%20640%20720%22%3E%3C%2Fsvg%3E 640w\" sizes=\"(max-width: 640px) 100vw, 640px\" data-srcset=\"https:\/\/www.everysize.com\/mag\/wp-content\/uploads\/air-jordan-1-mid-milan-release-news-02.jpg 640w, https:\/\/www.everysize.com\/mag\/wp-content\/uploads\/air-jordan-1-mid-milan-release-news-02-450x506.jpg 450w\" data-src=\"https:\/\/www.everysize.com\/mag\/wp-content\/uploads\/air-jordan-1-mid-milan-release-news-02.jpg\"><\/figure><\/li><li class=\"blocks-gallery-item\"><figure><noscript><img loading=\"lazy\" decoding=\"async\" width=\"640\" height=\"720\" src=\"https:\/\/www.everysize.com\/mag\/wp-content\/uploads\/air-jordan-1-mid-milan-release-news-04.jpg\" alt=\"air-jordan-1-mid-milan-release-news-04\" data-id=\"37079\" data-full-url=\"https:\/\/www.everysize.com\/mag\/wp-content\/uploads\/air-jordan-1-mid-milan-release-news-04.jpg\" data-link=\"https:\/\/www.everysize.com\/mag\/news\/air-jordan-1-mid-milan\/attachment\/air-jordan-1-mid-milan-release-news-04\/\" class=\"wp-image-37079\" srcset=\"https:\/\/www.everysize.com\/mag\/wp-content\/uploads\/air-jordan-1-mid-milan-release-news-04.jpg 640w, https:\/\/www.everysize.com\/mag\/wp-content\/uploads\/air-jordan-1-mid-milan-release-news-04-450x506.jpg 450w\" sizes=\"(max-width: 640px) 100vw, 640px\"><\/noscript><img loading=\"lazy\" decoding=\"async\" width=\"640\" height=\"720\" src=\"data:image\/svg+xml,%3Csvg%20xmlns%3D%22http%3A%2F%2Fwww.w3.org%2F2000%2Fsvg%22%20viewBox%3D%220%200%20640%20720%22%3E%3C%2Fsvg%3E\" alt=\"air-jordan-1-mid-milan-release-news-04\" data-id=\"37079\" data-full-url=\"https:\/\/www.everysize.com\/mag\/wp-content\/uploads\/air-jordan-1-mid-milan-release-news-04.jpg\" data-link=\"https:\/\/www.everysize.com\/mag\/news\/air-jordan-1-mid-milan\/attachment\/air-jordan-1-mid-milan-release-news-04\/\" class=\"wp-image-37079 lazyload\" srcset=\"data:image\/svg+xml,%3Csvg%20xmlns%3D%22http%3A%2F%2Fwww.w3.org%2F2000%2Fsvg%22%20viewBox%3D%220%200%20640%20720%22%3E%3C%2Fsvg%3E 640w\" sizes=\"(max-width: 640px) 100vw, 640px\" data-srcset=\"https:\/\/www.everysize.com\/mag\/wp-content\/uploads\/air-jordan-1-mid-milan-release-news-04.jpg 640w, https:\/\/www.everysize.com\/mag\/wp-content\/uploads\/air-jordan-1-mid-milan-release-news-04-450x506.jpg 450w\" data-src=\"https:\/\/www.everysize.com\/mag\/wp-content\/uploads\/air-jordan-1-mid-milan-release-news-04.jpg\"><\/figure><\/li><li class=\"blocks-gallery-item\"><figure><noscript><img loading=\"lazy\" decoding=\"async\" width=\"640\" height=\"720\" src=\"https:\/\/www.everysize.com\/mag\/wp-content\/uploads\/air-jordan-1-mid-milan-release-news-05.jpg\" alt=\"air-jordan-1-mid-milan-release-news-05\" data-id=\"37078\" data-full-url=\"https:\/\/www.everysize.com\/mag\/wp-content\/uploads\/air-jordan-1-mid-milan-release-news-05.jpg\" data-link=\"https:\/\/www.everysize.com\/mag\/news\/air-jordan-1-mid-milan\/attachment\/air-jordan-1-mid-milan-release-news-05\/\" class=\"wp-image-37078\" srcset=\"https:\/\/www.everysize.com\/mag\/wp-content\/uploads\/air-jordan-1-mid-milan-release-news-05.jpg 640w, https:\/\/www.everysize.com\/mag\/wp-content\/uploads\/air-jordan-1-mid-milan-release-news-05-450x506.jpg 450w\" sizes=\"(max-width: 640px) 100vw, 640px\"><\/noscript><img loading=\"lazy\" decoding=\"async\" width=\"640\" height=\"720\" src=\"data:image\/svg+xml,%3Csvg%20xmlns%3D%22http%3A%2F%2Fwww.w3.org%2F2000%2Fsvg%22%20viewBox%3D%220%200%20640%20720%22%3E%3C%2Fsvg%3E\" alt=\"air-jordan-1-mid-milan-release-news-05\" data-id=\"37078\" data-full-url=\"https:\/\/www.everysize.com\/mag\/wp-content\/uploads\/air-jordan-1-mid-milan-release-news-05.jpg\" data-link=\"https:\/\/www.everysize.com\/mag\/news\/air-jordan-1-mid-milan\/attachment\/air-jordan-1-mid-milan-release-news-05\/\" class=\"wp-image-37078 lazyload\" srcset=\"data:image\/svg+xml,%3Csvg%20xmlns%3D%22http%3A%2F%2Fwww.w3.org%2F2000%2Fsvg%22%20viewBox%3D%220%200%20640%20720%22%3E%3C%2Fsvg%3E 640w\" sizes=\"(max-width: 640px) 100vw, 640px\" data-srcset=\"https:\/\/www.everysize.com\/mag\/wp-content\/uploads\/air-jordan-1-mid-milan-release-news-05.jpg 640w, https:\/\/www.everysize.com\/mag\/wp-content\/uploads\/air-jordan-1-mid-milan-release-news-05-450x506.jpg 450w\" data-src=\"https:\/\/www.everysize.com\/mag\/wp-content\/uploads\/air-jordan-1-mid-milan-release-news-05.jpg\"><\/figure><\/li><li class=\"blocks-gallery-item\"><figure><noscript><img loading=\"lazy\" decoding=\"async\" width=\"640\" height=\"720\" src=\"https:\/\/www.everysize.com\/mag\/wp-content\/uploads\/air-jordan-1-mid-milan-release-news-06.jpg\" alt=\"air-jordan-1-mid-milan-release-news-06\" data-id=\"37077\" data-full-url=\"https:\/\/www.everysize.com\/mag\/wp-content\/uploads\/air-jordan-1-mid-milan-release-news-06.jpg\" data-link=\"https:\/\/www.everysize.com\/mag\/news\/air-jordan-1-mid-milan\/attachment\/air-jordan-1-mid-milan-release-news-06\/\" class=\"wp-image-37077\" srcset=\"https:\/\/www.everysize.com\/mag\/wp-content\/uploads\/air-jordan-1-mid-milan-release-news-06.jpg 640w, https:\/\/www.everysize.com\/mag\/wp-content\/uploads\/air-jordan-1-mid-milan-release-news-06-450x506.jpg 450w\" sizes=\"(max-width: 640px) 100vw, 640px\"><\/noscript><img loading=\"lazy\" decoding=\"async\" width=\"640\" height=\"720\" src=\"data:image\/svg+xml,%3Csvg%20xmlns%3D%22http%3A%2F%2Fwww.w3.org%2F2000%2Fsvg%22%20viewBox%3D%220%200%20640%20720%22%3E%3C%2Fsvg%3E\" alt=\"air-jordan-1-mid-milan-release-news-06\" data-id=\"37077\" data-full-url=\"https:\/\/www.everysize.com\/mag\/wp-content\/uploads\/air-jordan-1-mid-milan-release-news-06.jpg\" data-link=\"https:\/\/www.everysize.com\/mag\/news\/air-jordan-1-mid-milan\/attachment\/air-jordan-1-mid-milan-release-news-06\/\" class=\"wp-image-37077 lazyload\" srcset=\"data:image\/svg+xml,%3Csvg%20xmlns%3D%22http%3A%2F%2Fwww.w3.org%2F2000%2Fsvg%22%20viewBox%3D%220%200%20640%20720%22%3E%3C%2Fsvg%3E 640w\" sizes=\"(max-width: 640px) 100vw, 640px\" data-srcset=\"https:\/\/www.everysize.com\/mag\/wp-content\/uploads\/air-jordan-1-mid-milan-release-news-06.jpg 640w, https:\/\/www.everysize.com\/mag\/wp-content\/uploads\/air-jordan-1-mid-milan-release-news-06-450x506.jpg 450w\" data-src=\"https:\/\/www.everysize.com\/mag\/wp-content\/uploads\/air-jordan-1-mid-milan-release-news-06.jpg\"><\/figure><\/li><\/ul><\/figure>\n<\/div><\/div>\n\n\n\n<p class=\"has-small-font-size\">Credits: Nike\/Jordan, One Block Down<\/p>\n<div class=\"tags\"><div class=\"tags__title\">Tags<\/div><a href=\"https:\/\/www.everysize.com\/mag\/tag\/air-jordan\/\" rel=\"tag\">Air Jordan<\/a><\/div>","protected":false},"excerpt":{"rendered":"<p>Mailand \u2013 die norditalienische Metropole steht f\u00fcr Mode, Design, Luxus und Architektur. Was nicht jeder wei\u00df: Auch zwischen der Jordan Brand und Mailand existiert eine\u2026<\/p>\n","protected":false},"author":13,"featured_media":37076,"comment_status":"closed","ping_status":"closed","sticky":false,"template":"","format":"standard","meta":{"_acf_changed":false,"inline_featured_image":false,"everysize_hide_nav":false,"footnotes":""},"categories":[8063],"tags":[122],"class_list":["post-37051","post","type-post","status-publish","format-standard","has-post-thumbnail","hentry","category-news","tag-air-jordan"],"acf":[],"yoast_head":"<!-- This site is optimized with the Yoast SEO Premium plugin v26.9 (Yoast SEO v26.9) - https:\/\/yoast.com\/product\/yoast-seo-premium-wordpress\/ -->\n<title>Air Jordan 1 Mid Milan \u2013 Release-Infos | everysize Blog<\/title>\n<meta name=\"description\" content=\"Mit diesem neuen, cremefarbenen AJ1 Mid ehrt Jordan die italienische Metropole Mailand \u00bb exklusive Bilder, Release-Dates &amp; Preise.\" \/>\n<meta name=\"robots\" content=\"index, follow, max-snippet:-1, max-image-preview:large, max-video-preview:-1\" \/>\n<link rel=\"canonical\" href=\"https:\/\/www.everysize.com\/mag\/news\/air-jordan-1-mid-milan\/\" \/>\n<meta property=\"og:locale\" content=\"de_DE\" \/>\n<meta property=\"og:type\" content=\"article\" \/>\n<meta property=\"og:title\" content=\"Air Jordan 1 Mid Milan \u2013 Release-Infos | everysize Blog\" \/>\n<meta property=\"og:description\" content=\"Mit diesem neuen, cremefarbenen AJ1 Mid ehrt Jordan die italienische Metropole Mailand \u00bb exklusive Bilder, Release-Dates &amp; Preise.\" \/>\n<meta property=\"og:url\" content=\"https:\/\/www.everysize.com\/mag\/news\/air-jordan-1-mid-milan\/\" \/>\n<meta property=\"og:site_name\" content=\"everysize Blog\" \/>\n<meta property=\"article:publisher\" content=\"https:\/\/www.facebook.com\/everysizecom\/\" \/>\n<meta property=\"article:published_time\" content=\"2020-02-18T09:27:02+00:00\" \/>\n<meta property=\"article:modified_time\" content=\"2020-02-18T16:16:41+00:00\" \/>\n<meta property=\"og:image\" content=\"https:\/\/www.everysize.com\/mag\/wp-content\/uploads\/AirJordan-1-Mid-Milan-CV3044-100.jpg\" \/>\n\t<meta property=\"og:image:width\" content=\"1280\" \/>\n\t<meta property=\"og:image:height\" content=\"854\" \/>\n\t<meta property=\"og:image:type\" content=\"image\/jpeg\" \/>\n<meta name=\"author\" content=\"Marcus Wessel\" \/>\n<meta name=\"twitter:card\" content=\"summary_large_image\" \/>\n<meta name=\"twitter:description\" content=\"Mit diesem neuen, cremefarbenen AJ1 Mid ehrt Jordan die italienische Metropole Mailand \u00bb exklusive Bilder, Release-Dates &amp; Preise.\" \/>\n<meta name=\"twitter:creator\" content=\"@everysize_com\" \/>\n<meta name=\"twitter:site\" content=\"@everysize_com\" \/>\n<meta name=\"twitter:label1\" content=\"Verfasst von\" \/>\n\t<meta name=\"twitter:data1\" content=\"Marcus Wessel\" \/>\n\t<meta name=\"twitter:label2\" content=\"Gesch\u00e4tzte Lesezeit\" \/>\n\t<meta name=\"twitter:data2\" content=\"1\u00a0Minute\" \/>\n<script type=\"application\/ld+json\" class=\"yoast-schema-graph\">{\"@context\":\"https:\/\/schema.org\",\"@graph\":[{\"@type\":\"Article\",\"@id\":\"https:\/\/www.everysize.com\/mag\/news\/air-jordan-1-mid-milan\/#article\",\"isPartOf\":{\"@id\":\"https:\/\/www.everysize.com\/mag\/news\/air-jordan-1-mid-milan\/\"},\"author\":{\"name\":\"Marcus Wessel\",\"@id\":\"https:\/\/www.everysize.com\/mag\/#\/schema\/person\/499168e6921a9e7811c79c8719b4e3c1\"},\"headline\":\"Air Jordan 1 Mid Milan \u2013 Release-Infos\",\"datePublished\":\"2020-02-18T09:27:02+00:00\",\"dateModified\":\"2020-02-18T16:16:41+00:00\",\"mainEntityOfPage\":{\"@id\":\"https:\/\/www.everysize.com\/mag\/news\/air-jordan-1-mid-milan\/\"},\"wordCount\":209,\"publisher\":{\"@id\":\"https:\/\/www.everysize.com\/mag\/#organization\"},\"image\":{\"@id\":\"https:\/\/www.everysize.com\/mag\/news\/air-jordan-1-mid-milan\/#primaryimage\"},\"thumbnailUrl\":\"https:\/\/www.everysize.com\/mag\/wp-content\/uploads\/air-jordan-1-mid-milan-release-news.jpg\",\"keywords\":[\"Air Jordan\"],\"articleSection\":[\"News\"],\"inLanguage\":\"de\"},{\"@type\":\"WebPage\",\"@id\":\"https:\/\/www.everysize.com\/mag\/news\/air-jordan-1-mid-milan\/\",\"url\":\"https:\/\/www.everysize.com\/mag\/news\/air-jordan-1-mid-milan\/\",\"name\":\"Air Jordan 1 Mid Milan \u2013 Release-Infos | everysize Blog\",\"isPartOf\":{\"@id\":\"https:\/\/www.everysize.com\/mag\/#website\"},\"primaryImageOfPage\":{\"@id\":\"https:\/\/www.everysize.com\/mag\/news\/air-jordan-1-mid-milan\/#primaryimage\"},\"image\":{\"@id\":\"https:\/\/www.everysize.com\/mag\/news\/air-jordan-1-mid-milan\/#primaryimage\"},\"thumbnailUrl\":\"https:\/\/www.everysize.com\/mag\/wp-content\/uploads\/air-jordan-1-mid-milan-release-news.jpg\",\"datePublished\":\"2020-02-18T09:27:02+00:00\",\"dateModified\":\"2020-02-18T16:16:41+00:00\",\"description\":\"Mit diesem neuen, cremefarbenen AJ1 Mid ehrt Jordan die italienische Metropole Mailand \u00bb exklusive Bilder, Release-Dates & Preise.\",\"breadcrumb\":{\"@id\":\"https:\/\/www.everysize.com\/mag\/news\/air-jordan-1-mid-milan\/#breadcrumb\"},\"inLanguage\":\"de\",\"potentialAction\":[{\"@type\":\"ReadAction\",\"target\":[\"https:\/\/www.everysize.com\/mag\/news\/air-jordan-1-mid-milan\/\"]}]},{\"@type\":\"ImageObject\",\"inLanguage\":\"de\",\"@id\":\"https:\/\/www.everysize.com\/mag\/news\/air-jordan-1-mid-milan\/#primaryimage\",\"url\":\"https:\/\/www.everysize.com\/mag\/wp-content\/uploads\/air-jordan-1-mid-milan-release-news.jpg\",\"contentUrl\":\"https:\/\/www.everysize.com\/mag\/wp-content\/uploads\/air-jordan-1-mid-milan-release-news.jpg\",\"width\":1920,\"height\":1020,\"caption\":\"air-jordan-1-mid-milan-release-news\"},{\"@type\":\"BreadcrumbList\",\"@id\":\"https:\/\/www.everysize.com\/mag\/news\/air-jordan-1-mid-milan\/#breadcrumb\",\"itemListElement\":[{\"@type\":\"ListItem\",\"position\":1,\"name\":\"Magazin\",\"item\":\"https:\/\/www.everysize.com\/mag\/\"},{\"@type\":\"ListItem\",\"position\":2,\"name\":\"Air Jordan 1 Mid Milan \u2013 Release-Infos\"}]},{\"@type\":\"WebSite\",\"@id\":\"https:\/\/www.everysize.com\/mag\/#website\",\"url\":\"https:\/\/www.everysize.com\/mag\/\",\"name\":\"everysize Blog\",\"description\":\"Releases, Trends &amp; Interviews\",\"publisher\":{\"@id\":\"https:\/\/www.everysize.com\/mag\/#organization\"},\"inLanguage\":\"de\"},{\"@type\":\"Organization\",\"@id\":\"https:\/\/www.everysize.com\/mag\/#organization\",\"name\":\"everysize\",\"url\":\"https:\/\/www.everysize.com\/mag\/\",\"logo\":{\"@type\":\"ImageObject\",\"inLanguage\":\"de\",\"@id\":\"https:\/\/www.everysize.com\/mag\/#\/schema\/logo\/image\/\",\"url\":\"https:\/\/www.everysize.com\/mag\/wp-content\/uploads\/es_magazin_Google_Meta_.jpg\",\"contentUrl\":\"https:\/\/www.everysize.com\/mag\/wp-content\/uploads\/es_magazin_Google_Meta_.jpg\",\"width\":1200,\"height\":628,\"caption\":\"everysize\"},\"image\":{\"@id\":\"https:\/\/www.everysize.com\/mag\/#\/schema\/logo\/image\/\"},\"sameAs\":[\"https:\/\/www.facebook.com\/everysizecom\/\",\"https:\/\/x.com\/everysize_com\",\"https:\/\/www.instagram.com\/everysize\/\",\"https:\/\/www.linkedin.com\/company\/10958702\/\",\"https:\/\/www.pinterest.de\/everysize\/\",\"https:\/\/www.youtube.com\/channel\/UCqrg66pjnv50Ytkfuuq5TzQ\/featured\"]},{\"@type\":\"Person\",\"@id\":\"https:\/\/www.everysize.com\/mag\/#\/schema\/person\/499168e6921a9e7811c79c8719b4e3c1\",\"name\":\"Marcus Wessel\",\"description\":\"Marcus Wessel lebt und arbeitet als freier Redakteur in K\u00f6ln. Er ist seit \u00fcber 20 Jahre Teil der Sneakerszene. Seit 2012 betreibt er den Blog Sneakerzimmer, der sich mit den Themen Turnschuhen und Reisen befasst. Journalistische Erfahrung sammelt er bei verschiedenen Print- und Online-Medien. Seine Sneaker-Leidenschaft geht bis auf die 90er-Jahre zur\u00fcck und auf Modelle wie den Nike Air Max 1 und sp\u00e4ter den Asics Gel-Lyte III. Seine Lieblingsstadt ist New York und sein liebstes Hobby das Kino.\",\"sameAs\":[\"https:\/\/www.sneaker-zimmer.de\/\",\"https:\/\/www.instagram.com\/sneakerzimmer\/\",\"https:\/\/www.linkedin.com\/in\/marcus-wessel-6a364518b\/\"],\"url\":\"https:\/\/www.everysize.com\/mag\/author\/marcus\/\"}]}<\/script>\n<!-- \/ Yoast SEO Premium plugin. -->","yoast_head_json":{"title":"Air Jordan 1 Mid Milan \u2013 Release-Infos | everysize Blog","description":"Mit diesem neuen, cremefarbenen AJ1 Mid ehrt Jordan die italienische Metropole Mailand \u00bb exklusive Bilder, Release-Dates & Preise.","robots":{"index":"index","follow":"follow","max-snippet":"max-snippet:-1","max-image-preview":"max-image-preview:large","max-video-preview":"max-video-preview:-1"},"canonical":"https:\/\/www.everysize.com\/mag\/news\/air-jordan-1-mid-milan\/","og_locale":"de_DE","og_type":"article","og_title":"Air Jordan 1 Mid Milan \u2013 Release-Infos | everysize Blog","og_description":"Mit diesem neuen, cremefarbenen AJ1 Mid ehrt Jordan die italienische Metropole Mailand \u00bb exklusive Bilder, Release-Dates & Preise.","og_url":"https:\/\/www.everysize.com\/mag\/news\/air-jordan-1-mid-milan\/","og_site_name":"everysize Blog","article_publisher":"https:\/\/www.facebook.com\/everysizecom\/","article_published_time":"2020-02-18T09:27:02+00:00","article_modified_time":"2020-02-18T16:16:41+00:00","og_image":[{"width":1280,"height":854,"url":"https:\/\/www.everysize.com\/mag\/wp-content\/uploads\/AirJordan-1-Mid-Milan-CV3044-100.jpg","type":"image\/jpeg"}],"author":"Marcus Wessel","twitter_card":"summary_large_image","twitter_description":"Mit diesem neuen, cremefarbenen AJ1 Mid ehrt Jordan die italienische Metropole Mailand \u00bb exklusive Bilder, Release-Dates & Preise.","twitter_creator":"@everysize_com","twitter_site":"@everysize_com","twitter_misc":{"Verfasst von":"Marcus Wessel","Gesch\u00e4tzte Lesezeit":"1\u00a0Minute"},"schema":{"@context":"https:\/\/schema.org","@graph":[{"@type":"Article","@id":"https:\/\/www.everysize.com\/mag\/news\/air-jordan-1-mid-milan\/#article","isPartOf":{"@id":"https:\/\/www.everysize.com\/mag\/news\/air-jordan-1-mid-milan\/"},"author":{"name":"Marcus Wessel","@id":"https:\/\/www.everysize.com\/mag\/#\/schema\/person\/499168e6921a9e7811c79c8719b4e3c1"},"headline":"Air Jordan 1 Mid Milan \u2013 Release-Infos","datePublished":"2020-02-18T09:27:02+00:00","dateModified":"2020-02-18T16:16:41+00:00","mainEntityOfPage":{"@id":"https:\/\/www.everysize.com\/mag\/news\/air-jordan-1-mid-milan\/"},"wordCount":209,"publisher":{"@id":"https:\/\/www.everysize.com\/mag\/#organization"},"image":{"@id":"https:\/\/www.everysize.com\/mag\/news\/air-jordan-1-mid-milan\/#primaryimage"},"thumbnailUrl":"https:\/\/www.everysize.com\/mag\/wp-content\/uploads\/air-jordan-1-mid-milan-release-news.jpg","keywords":["Air Jordan"],"articleSection":["News"],"inLanguage":"de"},{"@type":"WebPage","@id":"https:\/\/www.everysize.com\/mag\/news\/air-jordan-1-mid-milan\/","url":"https:\/\/www.everysize.com\/mag\/news\/air-jordan-1-mid-milan\/","name":"Air Jordan 1 Mid Milan \u2013 Release-Infos | everysize Blog","isPartOf":{"@id":"https:\/\/www.everysize.com\/mag\/#website"},"primaryImageOfPage":{"@id":"https:\/\/www.everysize.com\/mag\/news\/air-jordan-1-mid-milan\/#primaryimage"},"image":{"@id":"https:\/\/www.everysize.com\/mag\/news\/air-jordan-1-mid-milan\/#primaryimage"},"thumbnailUrl":"https:\/\/www.everysize.com\/mag\/wp-content\/uploads\/air-jordan-1-mid-milan-release-news.jpg","datePublished":"2020-02-18T09:27:02+00:00","dateModified":"2020-02-18T16:16:41+00:00","description":"Mit diesem neuen, cremefarbenen AJ1 Mid ehrt Jordan die italienische Metropole Mailand \u00bb exklusive Bilder, Release-Dates & Preise.","breadcrumb":{"@id":"https:\/\/www.everysize.com\/mag\/news\/air-jordan-1-mid-milan\/#breadcrumb"},"inLanguage":"de","potentialAction":[{"@type":"ReadAction","target":["https:\/\/www.everysize.com\/mag\/news\/air-jordan-1-mid-milan\/"]}]},{"@type":"ImageObject","inLanguage":"de","@id":"https:\/\/www.everysize.com\/mag\/news\/air-jordan-1-mid-milan\/#primaryimage","url":"https:\/\/www.everysize.com\/mag\/wp-content\/uploads\/air-jordan-1-mid-milan-release-news.jpg","contentUrl":"https:\/\/www.everysize.com\/mag\/wp-content\/uploads\/air-jordan-1-mid-milan-release-news.jpg","width":1920,"height":1020,"caption":"air-jordan-1-mid-milan-release-news"},{"@type":"BreadcrumbList","@id":"https:\/\/www.everysize.com\/mag\/news\/air-jordan-1-mid-milan\/#breadcrumb","itemListElement":[{"@type":"ListItem","position":1,"name":"Magazin","item":"https:\/\/www.everysize.com\/mag\/"},{"@type":"ListItem","position":2,"name":"Air Jordan 1 Mid Milan \u2013 Release-Infos"}]},{"@type":"WebSite","@id":"https:\/\/www.everysize.com\/mag\/#website","url":"https:\/\/www.everysize.com\/mag\/","name":"everysize Blog","description":"Releases, Trends &amp; Interviews","publisher":{"@id":"https:\/\/www.everysize.com\/mag\/#organization"},"inLanguage":"de"},{"@type":"Organization","@id":"https:\/\/www.everysize.com\/mag\/#organization","name":"everysize","url":"https:\/\/www.everysize.com\/mag\/","logo":{"@type":"ImageObject","inLanguage":"de","@id":"https:\/\/www.everysize.com\/mag\/#\/schema\/logo\/image\/","url":"https:\/\/www.everysize.com\/mag\/wp-content\/uploads\/es_magazin_Google_Meta_.jpg","contentUrl":"https:\/\/www.everysize.com\/mag\/wp-content\/uploads\/es_magazin_Google_Meta_.jpg","width":1200,"height":628,"caption":"everysize"},"image":{"@id":"https:\/\/www.everysize.com\/mag\/#\/schema\/logo\/image\/"},"sameAs":["https:\/\/www.facebook.com\/everysizecom\/","https:\/\/x.com\/everysize_com","https:\/\/www.instagram.com\/everysize\/","https:\/\/www.linkedin.com\/company\/10958702\/","https:\/\/www.pinterest.de\/everysize\/","https:\/\/www.youtube.com\/channel\/UCqrg66pjnv50Ytkfuuq5TzQ\/featured"]},{"@type":"Person","@id":"https:\/\/www.everysize.com\/mag\/#\/schema\/person\/499168e6921a9e7811c79c8719b4e3c1","name":"Marcus Wessel","description":"Marcus Wessel lebt und arbeitet als freier Redakteur in K\u00f6ln. Er ist seit \u00fcber 20 Jahre Teil der Sneakerszene. Seit 2012 betreibt er den Blog Sneakerzimmer, der sich mit den Themen Turnschuhen und Reisen befasst. Journalistische Erfahrung sammelt er bei verschiedenen Print- und Online-Medien. Seine Sneaker-Leidenschaft geht bis auf die 90er-Jahre zur\u00fcck und auf Modelle wie den Nike Air Max 1 und sp\u00e4ter den Asics Gel-Lyte III. Seine Lieblingsstadt ist New York und sein liebstes Hobby das Kino.","sameAs":["https:\/\/www.sneaker-zimmer.de\/","https:\/\/www.instagram.com\/sneakerzimmer\/","https:\/\/www.linkedin.com\/in\/marcus-wessel-6a364518b\/"],"url":"https:\/\/www.everysize.com\/mag\/author\/marcus\/"}]}},"_links":{"self":[{"href":"https:\/\/www.everysize.com\/mag\/wp-json\/wp\/v2\/posts\/37051","targetHints":{"allow":["GET"]}}],"collection":[{"href":"https:\/\/www.everysize.com\/mag\/wp-json\/wp\/v2\/posts"}],"about":[{"href":"https:\/\/www.everysize.com\/mag\/wp-json\/wp\/v2\/types\/post"}],"author":[{"embeddable":true,"href":"https:\/\/www.everysize.com\/mag\/wp-json\/wp\/v2\/users\/13"}],"replies":[{"embeddable":true,"href":"https:\/\/www.everysize.com\/mag\/wp-json\/wp\/v2\/comments?post=37051"}],"version-history":[{"count":10,"href":"https:\/\/www.everysize.com\/mag\/wp-json\/wp\/v2\/posts\/37051\/revisions"}],"predecessor-version":[{"id":37087,"href":"https:\/\/www.everysize.com\/mag\/wp-json\/wp\/v2\/posts\/37051\/revisions\/37087"}],"wp:featuredmedia":[{"embeddable":true,"href":"https:\/\/www.everysize.com\/mag\/wp-json\/wp\/v2\/media\/37076"}],"wp:attachment":[{"href":"https:\/\/www.everysize.com\/mag\/wp-json\/wp\/v2\/media?parent=37051"}],"wp:term":[{"taxonomy":"category","embeddable":true,"href":"https:\/\/www.everysize.com\/mag\/wp-json\/wp\/v2\/categories?post=37051"},{"taxonomy":"post_tag","embeddable":true,"href":"https:\/\/www.everysize.com\/mag\/wp-json\/wp\/v2\/tags?post=37051"}],"curies":[{"name":"wp","href":"https:\/\/api.w.org\/{rel}","templated":true}]}}