{"id":40373,"date":"2020-10-07T08:18:49","date_gmt":"2020-10-07T06:18:49","guid":{"rendered":"https:\/\/www.everysize.com\/mag\/?p=40373"},"modified":"2021-12-26T01:05:43","modified_gmt":"2021-12-26T00:05:43","slug":"yeezy-boost-700-sun-release","status":"publish","type":"post","link":"https:\/\/www.everysize.com\/mag\/news\/yeezy-boost-700-sun-release\/","title":{"rendered":"Yeezy Boost 700 \u201eSun\u201c \u2013 Release-Infos"},"content":{"rendered":"<p>Nachdem Ye zuletzt den Release-Plan f\u00fcr den Rest des Jahres 2020 auf seinem Twitter-Account ver\u00f6ffentlichte, wird hinter den Kulissen schon l\u00e4ngst an den Yeezy-Terminen f\u00fcr 2021 gearbeitet. Ein bislang nur unscharf abfotografiertes <strong><a href=\"https:\/\/www.everysize.com\/mag\/sneaker-lexikon\/sample\/\">Sample<\/a><\/strong> verspricht die R\u00fcckkehr des ersten Yeezy Boost 700 in einem f\u00fcr Yeezy-Verh\u00e4ltnisse ungew\u00f6hnlich bunten Colorway.<\/p>\n\n\n\n<h2 class=\"wp-block-heading\" id=\"h-der-erste-yeezy-im-jahr-2021\"><strong>Der erste Yeezy im Jahr 2021?<\/strong><\/h2>\n\n\n\n<p><a href=\"https:\/\/www.everysize.com\/mag\/news\/yeezy-preview-oktober-dezember-2020\/\">Wie unsere Yeezy-Vorschau f\u00fcr das vierte Quartal<\/a> zeigt, erwarten uns bis Jahresende noch eine Reihe ganz unterschiedlicher Yeezy-Drops \u2013 angefangen bei den beliebten 350 v2, mehreren 380er und bis zum futuristischen Foam Runner. Aber auch f\u00fcr das n\u00e4chste Jahr f\u00fcllt sich bereits der Release-Kalender. <strong>So soll Anfang 2021 der erste Yeezy 700 zur\u00fcckkehren und das in diesem 100% sommertauglichen Colorway. Der Name \u201eSun\u201c liegt hier auf der Hand.<\/strong> Ein intensives Gelb bestimmt das Mesh-\/Suede-Upper des Yeezy Boost 700. Dazu kommt ein leuchtendes Orange, in das die Midsole eingef\u00e4rbt wurde. Als kleine Verbeugung vor dem OG wurden dagegen die t\u00fcrkisblauen und schwarzen Elemente vom \u201eWave Runner\u201c \u00fcbernommen.<\/p>\n\n\n\n<figure class=\"wp-block-image size-large\"><noscript><img fetchpriority=\"high\" decoding=\"async\" width=\"1160\" height=\"827\" src=\"https:\/\/www.everysize.com\/mag\/wp-content\/uploads\/1-Yeezy-Boost-700-Sun-1160x827.jpg\" alt=\"Yeezy Boost 700 Sun\" class=\"wp-image-40378\" srcset=\"https:\/\/www.everysize.com\/mag\/wp-content\/uploads\/1-Yeezy-Boost-700-Sun-1160x827.jpg 1160w, https:\/\/www.everysize.com\/mag\/wp-content\/uploads\/1-Yeezy-Boost-700-Sun-800x571.jpg 800w, https:\/\/www.everysize.com\/mag\/wp-content\/uploads\/1-Yeezy-Boost-700-Sun-450x321.jpg 450w, https:\/\/www.everysize.com\/mag\/wp-content\/uploads\/1-Yeezy-Boost-700-Sun-1121x800.jpg 1121w, https:\/\/www.everysize.com\/mag\/wp-content\/uploads\/1-Yeezy-Boost-700-Sun.jpg 1200w\" sizes=\"(max-width: 1160px) 100vw, 1160px\"><\/noscript><img fetchpriority=\"high\" decoding=\"async\" width=\"1160\" height=\"827\" src=\"data:image\/svg+xml,%3Csvg%20xmlns%3D%22http%3A%2F%2Fwww.w3.org%2F2000%2Fsvg%22%20viewBox%3D%220%200%201160%20827%22%3E%3C%2Fsvg%3E\" alt=\"Yeezy Boost 700 Sun\" class=\"wp-image-40378 lazyload\" srcset=\"data:image\/svg+xml,%3Csvg%20xmlns%3D%22http%3A%2F%2Fwww.w3.org%2F2000%2Fsvg%22%20viewBox%3D%220%200%201160%20827%22%3E%3C%2Fsvg%3E 1160w\" sizes=\"(max-width: 1160px) 100vw, 1160px\" data-srcset=\"https:\/\/www.everysize.com\/mag\/wp-content\/uploads\/1-Yeezy-Boost-700-Sun-1160x827.jpg 1160w, https:\/\/www.everysize.com\/mag\/wp-content\/uploads\/1-Yeezy-Boost-700-Sun-800x571.jpg 800w, https:\/\/www.everysize.com\/mag\/wp-content\/uploads\/1-Yeezy-Boost-700-Sun-450x321.jpg 450w, https:\/\/www.everysize.com\/mag\/wp-content\/uploads\/1-Yeezy-Boost-700-Sun-1121x800.jpg 1121w, https:\/\/www.everysize.com\/mag\/wp-content\/uploads\/1-Yeezy-Boost-700-Sun.jpg 1200w\" data-src=\"https:\/\/www.everysize.com\/mag\/wp-content\/uploads\/1-Yeezy-Boost-700-Sun-1160x827.jpg\"><\/figure>\n\n\n\n<p>Der hier abgebildete Yeezy 700 \u201eSun\u201c ist der Versuch, aus dem recht unscharfen Shot eines seinerzeit unbekannten Samples auf das fertige Design zu schlie\u00dfen. Yeezy Mafia haben den Mock-up gebastelt, der aber vermutlich dem Sneaker recht nahekommen d\u00fcrfte. <strong>Wie zu h\u00f6ren ist, soll der \u201eSun\u201c sehr fr\u00fch im kommenden Jahr an den Start gehen. Ein genaues Release-Datum ist bislang jedoch nicht bekannt.<\/strong><\/p>\n\n\n\n<figure class=\"wp-block-image size-large\"><noscript><img decoding=\"async\" width=\"1160\" height=\"607\" src=\"https:\/\/www.everysize.com\/mag\/wp-content\/uploads\/adidas-yeezy-750-sun-1160x607.jpg\" alt=\"Yeezy Boost 700 Sun\" class=\"wp-image-40376\" srcset=\"https:\/\/www.everysize.com\/mag\/wp-content\/uploads\/adidas-yeezy-750-sun-1160x607.jpg 1160w, https:\/\/www.everysize.com\/mag\/wp-content\/uploads\/adidas-yeezy-750-sun-800x419.jpg 800w, https:\/\/www.everysize.com\/mag\/wp-content\/uploads\/adidas-yeezy-750-sun-450x236.jpg 450w, https:\/\/www.everysize.com\/mag\/wp-content\/uploads\/adidas-yeezy-750-sun.jpg 1200w\" sizes=\"(max-width: 1160px) 100vw, 1160px\"><\/noscript><img decoding=\"async\" width=\"1160\" height=\"607\" src=\"data:image\/svg+xml,%3Csvg%20xmlns%3D%22http%3A%2F%2Fwww.w3.org%2F2000%2Fsvg%22%20viewBox%3D%220%200%201160%20607%22%3E%3C%2Fsvg%3E\" alt=\"Yeezy Boost 700 Sun\" class=\"wp-image-40376 lazyload\" srcset=\"data:image\/svg+xml,%3Csvg%20xmlns%3D%22http%3A%2F%2Fwww.w3.org%2F2000%2Fsvg%22%20viewBox%3D%220%200%201160%20607%22%3E%3C%2Fsvg%3E 1160w\" sizes=\"(max-width: 1160px) 100vw, 1160px\" data-srcset=\"https:\/\/www.everysize.com\/mag\/wp-content\/uploads\/adidas-yeezy-750-sun-1160x607.jpg 1160w, https:\/\/www.everysize.com\/mag\/wp-content\/uploads\/adidas-yeezy-750-sun-800x419.jpg 800w, https:\/\/www.everysize.com\/mag\/wp-content\/uploads\/adidas-yeezy-750-sun-450x236.jpg 450w, https:\/\/www.everysize.com\/mag\/wp-content\/uploads\/adidas-yeezy-750-sun.jpg 1200w\" data-src=\"https:\/\/www.everysize.com\/mag\/wp-content\/uploads\/adidas-yeezy-750-sun-1160x607.jpg\"><\/figure>\n\n\n\n<ul class=\"wp-block-list\"><li><strong>Preis: 300 Euro<\/strong><\/li><li><strong>Release-Datum: Anfang 2021<\/strong><\/li><\/ul>\n\n\n\n<figure class=\"wp-block-image size-large\"><a href=\"https:\/\/www.everysize.com\/mag\/news\/alle-yeezy-releases-2020\/\"><noscript><img decoding=\"async\" width=\"1080\" height=\"1080\" src=\"https:\/\/www.everysize.com\/mag\/wp-content\/uploads\/Alle-YEEZY_Releases-2020-Titelbild.png\" alt=\"Alle-YEEZY_Releases-2020-Titelbild\" class=\"wp-image-36261\" srcset=\"https:\/\/www.everysize.com\/mag\/wp-content\/uploads\/Alle-YEEZY_Releases-2020-Titelbild.png 1080w, https:\/\/www.everysize.com\/mag\/wp-content\/uploads\/Alle-YEEZY_Releases-2020-Titelbild-800x800.png 800w, https:\/\/www.everysize.com\/mag\/wp-content\/uploads\/Alle-YEEZY_Releases-2020-Titelbild-450x450.png 450w\" sizes=\"(max-width: 1080px) 100vw, 1080px\"><\/noscript><img decoding=\"async\" width=\"1080\" height=\"1080\" src=\"data:image\/svg+xml,%3Csvg%20xmlns%3D%22http%3A%2F%2Fwww.w3.org%2F2000%2Fsvg%22%20viewBox%3D%220%200%201080%201080%22%3E%3C%2Fsvg%3E\" alt=\"Alle-YEEZY_Releases-2020-Titelbild\" class=\"wp-image-36261 lazyload\" srcset=\"data:image\/svg+xml,%3Csvg%20xmlns%3D%22http%3A%2F%2Fwww.w3.org%2F2000%2Fsvg%22%20viewBox%3D%220%200%201080%201080%22%3E%3C%2Fsvg%3E 1080w\" sizes=\"(max-width: 1080px) 100vw, 1080px\" data-srcset=\"https:\/\/www.everysize.com\/mag\/wp-content\/uploads\/Alle-YEEZY_Releases-2020-Titelbild.png 1080w, https:\/\/www.everysize.com\/mag\/wp-content\/uploads\/Alle-YEEZY_Releases-2020-Titelbild-800x800.png 800w, https:\/\/www.everysize.com\/mag\/wp-content\/uploads\/Alle-YEEZY_Releases-2020-Titelbild-450x450.png 450w\" data-src=\"https:\/\/www.everysize.com\/mag\/wp-content\/uploads\/Alle-YEEZY_Releases-2020-Titelbild.png\"><\/a><\/figure>\n\n\n\n<p class=\"has-small-font-size\">Credits: Yeezy Mafia<\/p>\n<div class=\"tags\"><div class=\"tags__title\">Tags<\/div><a href=\"https:\/\/www.everysize.com\/mag\/tag\/yeezy\/\" rel=\"tag\">Yeezy<\/a><\/div>","protected":false},"excerpt":{"rendered":"<p>Nachdem Ye zuletzt den Release-Plan f\u00fcr den Rest des Jahres 2020 auf seinem Twitter-Account ver\u00f6ffentlichte, wird hinter den Kulissen schon l\u00e4ngst an den Yeezy-Terminen f\u00fcr\u2026<\/p>\n","protected":false},"author":13,"featured_media":40377,"comment_status":"closed","ping_status":"closed","sticky":false,"template":"","format":"standard","meta":{"_acf_changed":false,"inline_featured_image":false,"everysize_hide_nav":false,"footnotes":""},"categories":[8063],"tags":[31],"class_list":["post-40373","post","type-post","status-publish","format-standard","has-post-thumbnail","hentry","category-news","tag-yeezy"],"acf":[],"yoast_head":"<!-- This site is optimized with the Yoast SEO Premium plugin v26.9 (Yoast SEO v26.9) - https:\/\/yoast.com\/product\/yoast-seo-premium-wordpress\/ -->\n<title>Yeezy Boost 700 \u201eSun\u201c \u2013 Release-Infos | everysize Blog<\/title>\n<meta name=\"description\" content=\"Echte Summer-Vibes verspricht dieser ger\u00fcchterweise f\u00fcr Anfang 2021 geplante Yeezy Boost 700 \u00bb exklusive Bilder, Release-Dates &amp; Preise.\" \/>\n<meta name=\"robots\" content=\"index, follow, max-snippet:-1, max-image-preview:large, max-video-preview:-1\" \/>\n<link rel=\"canonical\" href=\"https:\/\/www.everysize.com\/mag\/news\/yeezy-boost-700-sun-release\/\" \/>\n<meta property=\"og:locale\" content=\"de_DE\" \/>\n<meta property=\"og:type\" content=\"article\" \/>\n<meta property=\"og:title\" content=\"Yeezy Boost 700 \u201eSun\u201c \u2013 Release-Infos | everysize Blog\" \/>\n<meta property=\"og:description\" content=\"Echte Summer-Vibes verspricht dieser ger\u00fcchterweise f\u00fcr Anfang 2021 geplante Yeezy Boost 700 \u00bb exklusive Bilder, Release-Dates &amp; Preise.\" \/>\n<meta property=\"og:url\" content=\"https:\/\/www.everysize.com\/mag\/news\/yeezy-boost-700-sun-release\/\" \/>\n<meta property=\"og:site_name\" content=\"everysize Blog\" \/>\n<meta property=\"article:publisher\" content=\"https:\/\/www.facebook.com\/everysizecom\/\" \/>\n<meta property=\"article:published_time\" content=\"2020-10-07T06:18:49+00:00\" \/>\n<meta property=\"article:modified_time\" content=\"2021-12-26T00:05:43+00:00\" \/>\n<meta property=\"og:image\" content=\"https:\/\/www.everysize.com\/mag\/wp-content\/uploads\/Yeezy-Boost-700-Sun.jpg\" \/>\n\t<meta property=\"og:image:width\" content=\"1080\" \/>\n\t<meta property=\"og:image:height\" content=\"1080\" \/>\n\t<meta property=\"og:image:type\" content=\"image\/jpeg\" \/>\n<meta name=\"author\" content=\"Marcus Wessel\" \/>\n<meta name=\"twitter:card\" content=\"summary_large_image\" \/>\n<meta name=\"twitter:description\" content=\"Echte Summer-Vibes verspricht dieser ger\u00fcchterweise f\u00fcr Anfang 2021 geplante Yeezy Boost 700 \u00bb exklusive Bilder, Release-Dates &amp; Preise.\" \/>\n<meta name=\"twitter:creator\" content=\"@everysize_com\" \/>\n<meta name=\"twitter:site\" content=\"@everysize_com\" \/>\n<meta name=\"twitter:label1\" content=\"Verfasst von\" \/>\n\t<meta name=\"twitter:data1\" content=\"Marcus Wessel\" \/>\n\t<meta name=\"twitter:label2\" content=\"Gesch\u00e4tzte Lesezeit\" \/>\n\t<meta name=\"twitter:data2\" content=\"2\u00a0Minuten\" \/>\n<script type=\"application\/ld+json\" class=\"yoast-schema-graph\">{\"@context\":\"https:\/\/schema.org\",\"@graph\":[{\"@type\":\"Article\",\"@id\":\"https:\/\/www.everysize.com\/mag\/news\/yeezy-boost-700-sun-release\/#article\",\"isPartOf\":{\"@id\":\"https:\/\/www.everysize.com\/mag\/news\/yeezy-boost-700-sun-release\/\"},\"author\":{\"name\":\"Marcus Wessel\",\"@id\":\"https:\/\/www.everysize.com\/mag\/#\/schema\/person\/499168e6921a9e7811c79c8719b4e3c1\"},\"headline\":\"Yeezy Boost 700 \u201eSun\u201c \u2013 Release-Infos\",\"datePublished\":\"2020-10-07T06:18:49+00:00\",\"dateModified\":\"2021-12-26T00:05:43+00:00\",\"mainEntityOfPage\":{\"@id\":\"https:\/\/www.everysize.com\/mag\/news\/yeezy-boost-700-sun-release\/\"},\"wordCount\":242,\"publisher\":{\"@id\":\"https:\/\/www.everysize.com\/mag\/#organization\"},\"image\":{\"@id\":\"https:\/\/www.everysize.com\/mag\/news\/yeezy-boost-700-sun-release\/#primaryimage\"},\"thumbnailUrl\":\"https:\/\/www.everysize.com\/mag\/wp-content\/uploads\/Yeezy-Boost-700-Sun.jpg\",\"keywords\":[\"Yeezy\"],\"articleSection\":[\"News\"],\"inLanguage\":\"de\"},{\"@type\":\"WebPage\",\"@id\":\"https:\/\/www.everysize.com\/mag\/news\/yeezy-boost-700-sun-release\/\",\"url\":\"https:\/\/www.everysize.com\/mag\/news\/yeezy-boost-700-sun-release\/\",\"name\":\"Yeezy Boost 700 \u201eSun\u201c \u2013 Release-Infos | everysize Blog\",\"isPartOf\":{\"@id\":\"https:\/\/www.everysize.com\/mag\/#website\"},\"primaryImageOfPage\":{\"@id\":\"https:\/\/www.everysize.com\/mag\/news\/yeezy-boost-700-sun-release\/#primaryimage\"},\"image\":{\"@id\":\"https:\/\/www.everysize.com\/mag\/news\/yeezy-boost-700-sun-release\/#primaryimage\"},\"thumbnailUrl\":\"https:\/\/www.everysize.com\/mag\/wp-content\/uploads\/Yeezy-Boost-700-Sun.jpg\",\"datePublished\":\"2020-10-07T06:18:49+00:00\",\"dateModified\":\"2021-12-26T00:05:43+00:00\",\"description\":\"Echte Summer-Vibes verspricht dieser ger\u00fcchterweise f\u00fcr Anfang 2021 geplante Yeezy Boost 700 \u00bb exklusive Bilder, Release-Dates & Preise.\",\"breadcrumb\":{\"@id\":\"https:\/\/www.everysize.com\/mag\/news\/yeezy-boost-700-sun-release\/#breadcrumb\"},\"inLanguage\":\"de\",\"potentialAction\":[{\"@type\":\"ReadAction\",\"target\":[\"https:\/\/www.everysize.com\/mag\/news\/yeezy-boost-700-sun-release\/\"]}]},{\"@type\":\"ImageObject\",\"inLanguage\":\"de\",\"@id\":\"https:\/\/www.everysize.com\/mag\/news\/yeezy-boost-700-sun-release\/#primaryimage\",\"url\":\"https:\/\/www.everysize.com\/mag\/wp-content\/uploads\/Yeezy-Boost-700-Sun.jpg\",\"contentUrl\":\"https:\/\/www.everysize.com\/mag\/wp-content\/uploads\/Yeezy-Boost-700-Sun.jpg\",\"width\":1080,\"height\":1080,\"caption\":\"Yeezy Boost 700 Sun\"},{\"@type\":\"BreadcrumbList\",\"@id\":\"https:\/\/www.everysize.com\/mag\/news\/yeezy-boost-700-sun-release\/#breadcrumb\",\"itemListElement\":[{\"@type\":\"ListItem\",\"position\":1,\"name\":\"Magazin\",\"item\":\"https:\/\/www.everysize.com\/mag\/\"},{\"@type\":\"ListItem\",\"position\":2,\"name\":\"Yeezy Boost 700 \u201eSun\u201c \u2013 Release-Infos\"}]},{\"@type\":\"WebSite\",\"@id\":\"https:\/\/www.everysize.com\/mag\/#website\",\"url\":\"https:\/\/www.everysize.com\/mag\/\",\"name\":\"everysize Blog\",\"description\":\"Releases, Trends &amp; Interviews\",\"publisher\":{\"@id\":\"https:\/\/www.everysize.com\/mag\/#organization\"},\"inLanguage\":\"de\"},{\"@type\":\"Organization\",\"@id\":\"https:\/\/www.everysize.com\/mag\/#organization\",\"name\":\"everysize\",\"url\":\"https:\/\/www.everysize.com\/mag\/\",\"logo\":{\"@type\":\"ImageObject\",\"inLanguage\":\"de\",\"@id\":\"https:\/\/www.everysize.com\/mag\/#\/schema\/logo\/image\/\",\"url\":\"https:\/\/www.everysize.com\/mag\/wp-content\/uploads\/es_magazin_Google_Meta_.jpg\",\"contentUrl\":\"https:\/\/www.everysize.com\/mag\/wp-content\/uploads\/es_magazin_Google_Meta_.jpg\",\"width\":1200,\"height\":628,\"caption\":\"everysize\"},\"image\":{\"@id\":\"https:\/\/www.everysize.com\/mag\/#\/schema\/logo\/image\/\"},\"sameAs\":[\"https:\/\/www.facebook.com\/everysizecom\/\",\"https:\/\/x.com\/everysize_com\",\"https:\/\/www.instagram.com\/everysize\/\",\"https:\/\/www.linkedin.com\/company\/10958702\/\",\"https:\/\/www.pinterest.de\/everysize\/\",\"https:\/\/www.youtube.com\/channel\/UCqrg66pjnv50Ytkfuuq5TzQ\/featured\"]},{\"@type\":\"Person\",\"@id\":\"https:\/\/www.everysize.com\/mag\/#\/schema\/person\/499168e6921a9e7811c79c8719b4e3c1\",\"name\":\"Marcus Wessel\",\"description\":\"Marcus Wessel lebt und arbeitet als freier Redakteur in K\u00f6ln. Er ist seit \u00fcber 20 Jahre Teil der Sneakerszene. Seit 2012 betreibt er den Blog Sneakerzimmer, der sich mit den Themen Turnschuhen und Reisen befasst. Journalistische Erfahrung sammelt er bei verschiedenen Print- und Online-Medien. Seine Sneaker-Leidenschaft geht bis auf die 90er-Jahre zur\u00fcck und auf Modelle wie den Nike Air Max 1 und sp\u00e4ter den Asics Gel-Lyte III. Seine Lieblingsstadt ist New York und sein liebstes Hobby das Kino.\",\"sameAs\":[\"https:\/\/www.sneaker-zimmer.de\/\",\"https:\/\/www.instagram.com\/sneakerzimmer\/\",\"https:\/\/www.linkedin.com\/in\/marcus-wessel-6a364518b\/\"],\"url\":\"https:\/\/www.everysize.com\/mag\/author\/marcus\/\"}]}<\/script>\n<!-- \/ Yoast SEO Premium plugin. -->","yoast_head_json":{"title":"Yeezy Boost 700 \u201eSun\u201c \u2013 Release-Infos | everysize Blog","description":"Echte Summer-Vibes verspricht dieser ger\u00fcchterweise f\u00fcr Anfang 2021 geplante Yeezy Boost 700 \u00bb exklusive Bilder, Release-Dates & Preise.","robots":{"index":"index","follow":"follow","max-snippet":"max-snippet:-1","max-image-preview":"max-image-preview:large","max-video-preview":"max-video-preview:-1"},"canonical":"https:\/\/www.everysize.com\/mag\/news\/yeezy-boost-700-sun-release\/","og_locale":"de_DE","og_type":"article","og_title":"Yeezy Boost 700 \u201eSun\u201c \u2013 Release-Infos | everysize Blog","og_description":"Echte Summer-Vibes verspricht dieser ger\u00fcchterweise f\u00fcr Anfang 2021 geplante Yeezy Boost 700 \u00bb exklusive Bilder, Release-Dates & Preise.","og_url":"https:\/\/www.everysize.com\/mag\/news\/yeezy-boost-700-sun-release\/","og_site_name":"everysize Blog","article_publisher":"https:\/\/www.facebook.com\/everysizecom\/","article_published_time":"2020-10-07T06:18:49+00:00","article_modified_time":"2021-12-26T00:05:43+00:00","og_image":[{"width":1080,"height":1080,"url":"https:\/\/www.everysize.com\/mag\/wp-content\/uploads\/Yeezy-Boost-700-Sun.jpg","type":"image\/jpeg"}],"author":"Marcus Wessel","twitter_card":"summary_large_image","twitter_description":"Echte Summer-Vibes verspricht dieser ger\u00fcchterweise f\u00fcr Anfang 2021 geplante Yeezy Boost 700 \u00bb exklusive Bilder, Release-Dates & Preise.","twitter_creator":"@everysize_com","twitter_site":"@everysize_com","twitter_misc":{"Verfasst von":"Marcus Wessel","Gesch\u00e4tzte Lesezeit":"2\u00a0Minuten"},"schema":{"@context":"https:\/\/schema.org","@graph":[{"@type":"Article","@id":"https:\/\/www.everysize.com\/mag\/news\/yeezy-boost-700-sun-release\/#article","isPartOf":{"@id":"https:\/\/www.everysize.com\/mag\/news\/yeezy-boost-700-sun-release\/"},"author":{"name":"Marcus Wessel","@id":"https:\/\/www.everysize.com\/mag\/#\/schema\/person\/499168e6921a9e7811c79c8719b4e3c1"},"headline":"Yeezy Boost 700 \u201eSun\u201c \u2013 Release-Infos","datePublished":"2020-10-07T06:18:49+00:00","dateModified":"2021-12-26T00:05:43+00:00","mainEntityOfPage":{"@id":"https:\/\/www.everysize.com\/mag\/news\/yeezy-boost-700-sun-release\/"},"wordCount":242,"publisher":{"@id":"https:\/\/www.everysize.com\/mag\/#organization"},"image":{"@id":"https:\/\/www.everysize.com\/mag\/news\/yeezy-boost-700-sun-release\/#primaryimage"},"thumbnailUrl":"https:\/\/www.everysize.com\/mag\/wp-content\/uploads\/Yeezy-Boost-700-Sun.jpg","keywords":["Yeezy"],"articleSection":["News"],"inLanguage":"de"},{"@type":"WebPage","@id":"https:\/\/www.everysize.com\/mag\/news\/yeezy-boost-700-sun-release\/","url":"https:\/\/www.everysize.com\/mag\/news\/yeezy-boost-700-sun-release\/","name":"Yeezy Boost 700 \u201eSun\u201c \u2013 Release-Infos | everysize Blog","isPartOf":{"@id":"https:\/\/www.everysize.com\/mag\/#website"},"primaryImageOfPage":{"@id":"https:\/\/www.everysize.com\/mag\/news\/yeezy-boost-700-sun-release\/#primaryimage"},"image":{"@id":"https:\/\/www.everysize.com\/mag\/news\/yeezy-boost-700-sun-release\/#primaryimage"},"thumbnailUrl":"https:\/\/www.everysize.com\/mag\/wp-content\/uploads\/Yeezy-Boost-700-Sun.jpg","datePublished":"2020-10-07T06:18:49+00:00","dateModified":"2021-12-26T00:05:43+00:00","description":"Echte Summer-Vibes verspricht dieser ger\u00fcchterweise f\u00fcr Anfang 2021 geplante Yeezy Boost 700 \u00bb exklusive Bilder, Release-Dates & Preise.","breadcrumb":{"@id":"https:\/\/www.everysize.com\/mag\/news\/yeezy-boost-700-sun-release\/#breadcrumb"},"inLanguage":"de","potentialAction":[{"@type":"ReadAction","target":["https:\/\/www.everysize.com\/mag\/news\/yeezy-boost-700-sun-release\/"]}]},{"@type":"ImageObject","inLanguage":"de","@id":"https:\/\/www.everysize.com\/mag\/news\/yeezy-boost-700-sun-release\/#primaryimage","url":"https:\/\/www.everysize.com\/mag\/wp-content\/uploads\/Yeezy-Boost-700-Sun.jpg","contentUrl":"https:\/\/www.everysize.com\/mag\/wp-content\/uploads\/Yeezy-Boost-700-Sun.jpg","width":1080,"height":1080,"caption":"Yeezy Boost 700 Sun"},{"@type":"BreadcrumbList","@id":"https:\/\/www.everysize.com\/mag\/news\/yeezy-boost-700-sun-release\/#breadcrumb","itemListElement":[{"@type":"ListItem","position":1,"name":"Magazin","item":"https:\/\/www.everysize.com\/mag\/"},{"@type":"ListItem","position":2,"name":"Yeezy Boost 700 \u201eSun\u201c \u2013 Release-Infos"}]},{"@type":"WebSite","@id":"https:\/\/www.everysize.com\/mag\/#website","url":"https:\/\/www.everysize.com\/mag\/","name":"everysize Blog","description":"Releases, Trends &amp; Interviews","publisher":{"@id":"https:\/\/www.everysize.com\/mag\/#organization"},"inLanguage":"de"},{"@type":"Organization","@id":"https:\/\/www.everysize.com\/mag\/#organization","name":"everysize","url":"https:\/\/www.everysize.com\/mag\/","logo":{"@type":"ImageObject","inLanguage":"de","@id":"https:\/\/www.everysize.com\/mag\/#\/schema\/logo\/image\/","url":"https:\/\/www.everysize.com\/mag\/wp-content\/uploads\/es_magazin_Google_Meta_.jpg","contentUrl":"https:\/\/www.everysize.com\/mag\/wp-content\/uploads\/es_magazin_Google_Meta_.jpg","width":1200,"height":628,"caption":"everysize"},"image":{"@id":"https:\/\/www.everysize.com\/mag\/#\/schema\/logo\/image\/"},"sameAs":["https:\/\/www.facebook.com\/everysizecom\/","https:\/\/x.com\/everysize_com","https:\/\/www.instagram.com\/everysize\/","https:\/\/www.linkedin.com\/company\/10958702\/","https:\/\/www.pinterest.de\/everysize\/","https:\/\/www.youtube.com\/channel\/UCqrg66pjnv50Ytkfuuq5TzQ\/featured"]},{"@type":"Person","@id":"https:\/\/www.everysize.com\/mag\/#\/schema\/person\/499168e6921a9e7811c79c8719b4e3c1","name":"Marcus Wessel","description":"Marcus Wessel lebt und arbeitet als freier Redakteur in K\u00f6ln. Er ist seit \u00fcber 20 Jahre Teil der Sneakerszene. Seit 2012 betreibt er den Blog Sneakerzimmer, der sich mit den Themen Turnschuhen und Reisen befasst. Journalistische Erfahrung sammelt er bei verschiedenen Print- und Online-Medien. Seine Sneaker-Leidenschaft geht bis auf die 90er-Jahre zur\u00fcck und auf Modelle wie den Nike Air Max 1 und sp\u00e4ter den Asics Gel-Lyte III. Seine Lieblingsstadt ist New York und sein liebstes Hobby das Kino.","sameAs":["https:\/\/www.sneaker-zimmer.de\/","https:\/\/www.instagram.com\/sneakerzimmer\/","https:\/\/www.linkedin.com\/in\/marcus-wessel-6a364518b\/"],"url":"https:\/\/www.everysize.com\/mag\/author\/marcus\/"}]}},"_links":{"self":[{"href":"https:\/\/www.everysize.com\/mag\/wp-json\/wp\/v2\/posts\/40373","targetHints":{"allow":["GET"]}}],"collection":[{"href":"https:\/\/www.everysize.com\/mag\/wp-json\/wp\/v2\/posts"}],"about":[{"href":"https:\/\/www.everysize.com\/mag\/wp-json\/wp\/v2\/types\/post"}],"author":[{"embeddable":true,"href":"https:\/\/www.everysize.com\/mag\/wp-json\/wp\/v2\/users\/13"}],"replies":[{"embeddable":true,"href":"https:\/\/www.everysize.com\/mag\/wp-json\/wp\/v2\/comments?post=40373"}],"version-history":[{"count":8,"href":"https:\/\/www.everysize.com\/mag\/wp-json\/wp\/v2\/posts\/40373\/revisions"}],"predecessor-version":[{"id":48780,"href":"https:\/\/www.everysize.com\/mag\/wp-json\/wp\/v2\/posts\/40373\/revisions\/48780"}],"wp:featuredmedia":[{"embeddable":true,"href":"https:\/\/www.everysize.com\/mag\/wp-json\/wp\/v2\/media\/40377"}],"wp:attachment":[{"href":"https:\/\/www.everysize.com\/mag\/wp-json\/wp\/v2\/media?parent=40373"}],"wp:term":[{"taxonomy":"category","embeddable":true,"href":"https:\/\/www.everysize.com\/mag\/wp-json\/wp\/v2\/categories?post=40373"},{"taxonomy":"post_tag","embeddable":true,"href":"https:\/\/www.everysize.com\/mag\/wp-json\/wp\/v2\/tags?post=40373"}],"curies":[{"name":"wp","href":"https:\/\/api.w.org\/{rel}","templated":true}]}}